{"id":547592,"date":"2025-11-20T20:26:12","date_gmt":"2025-11-20T20:26:12","guid":{"rendered":"https:\/\/www.europesays.com\/fr\/547592\/"},"modified":"2025-11-20T20:26:12","modified_gmt":"2025-11-20T20:26:12","slug":"deux-soirees-de-show-et-dadrenaline-au-palais-des-sports-de-gerland","status":"publish","type":"post","link":"https:\/\/www.europesays.com\/fr\/547592\/","title":{"rendered":"deux soir\u00e9es de show et d\u2019adr\u00e9naline au Palais des sports de Gerland"},"content":{"rendered":"<p>L\u2019\u00e9v\u00e9nement avait r\u00e9uni pr\u00e8s de 10\u00a0000 personnes l\u2019an dernier\u00a0: le supercross de Lyon revient cette fin de semaine au Palais des sports de Gerland. Avec 57 pilotes engag\u00e9s, une piste indoor sp\u00e9cialement am\u00e9nag\u00e9e et la pr\u00e9sence de pilotes nationaux et internationaux, la <a href=\"https:\/\/www.leprogres.fr\/culture-loisirs\/2025\/11\/19\/sport-spectacle-et-animations-le-meilleur-du-supercross-et-du-freestyle-reuni-pour-deux-soirees\" target=\"_blank\" rel=\"nofollow noopener\">manifestation<\/a> m\u00e9lange comp\u00e9tition sportive, spectacles et animations accessibles \u00e0 un large public.\u00a0Les amateurs de moto, les curieux ou les familles souhaitant d\u00e9couvrir cette discipline indoor devraient y trouver leur compte.<\/p>\n<p class=\"note\">Les 21 et 22\u00a0novembre \u00e0 partir de 19 heures au Palais des sports de Gerland. Tarifs \u00e0 partir de 59\u00a0euros. <a href=\"https:\/\/www.supercross-lyon.com\" target=\"_blank\" rel=\"nofollow noopener\">www.supercross-lyon.com.<\/a><\/p>\n","protected":false},"excerpt":{"rendered":"L\u2019\u00e9v\u00e9nement avait r\u00e9uni pr\u00e8s de 10\u00a0000 personnes l\u2019an dernier\u00a0: le supercross de Lyon revient cette fin de semaine&hellip;\n","protected":false},"author":2,"featured_media":547593,"comment_status":"","ping_status":"","sticky":false,"template":"","format":"standard","meta":{"footnotes":""},"categories":[1889],"tags":[1111,11,2430,1687,2757,1777,674,1011,27,2428,2756,12,25],"class_list":{"0":"post-547592","1":"post","2":"type-post","3":"status-publish","4":"format-standard","5":"has-post-thumbnail","7":"category-lyon","8":"tag-actu","9":"tag-actualites","10":"tag-auvergne-rhone-alpes","11":"tag-culture-loisirs","12":"tag-edition-lyon-villeurbanne","13":"tag-eu","14":"tag-europe","15":"tag-fr","16":"tag-france","17":"tag-lyon","18":"tag-lyon-bassin","19":"tag-news","20":"tag-republique-francaise"},"share_on_mastodon":{"url":"https:\/\/pubeurope.com\/@fr\/115583908792549704","error":""},"_links":{"self":[{"href":"https:\/\/www.europesays.com\/fr\/wp-json\/wp\/v2\/posts\/547592","targetHints":{"allow":["GET"]}}],"collection":[{"href":"https:\/\/www.europesays.com\/fr\/wp-json\/wp\/v2\/posts"}],"about":[{"href":"https:\/\/www.europesays.com\/fr\/wp-json\/wp\/v2\/types\/post"}],"author":[{"embeddable":true,"href":"https:\/\/www.europesays.com\/fr\/wp-json\/wp\/v2\/users\/2"}],"replies":[{"embeddable":true,"href":"https:\/\/www.europesays.com\/fr\/wp-json\/wp\/v2\/comments?post=547592"}],"version-history":[{"count":0,"href":"https:\/\/www.europesays.com\/fr\/wp-json\/wp\/v2\/posts\/547592\/revisions"}],"wp:featuredmedia":[{"embeddable":true,"href":"https:\/\/www.europesays.com\/fr\/wp-json\/wp\/v2\/media\/547593"}],"wp:attachment":[{"href":"https:\/\/www.europesays.com\/fr\/wp-json\/wp\/v2\/media?parent=547592"}],"wp:term":[{"taxonomy":"category","embeddable":true,"href":"https:\/\/www.europesays.com\/fr\/wp-json\/wp\/v2\/categories?post=547592"},{"taxonomy":"post_tag","embeddable":true,"href":"https:\/\/www.europesays.com\/fr\/wp-json\/wp\/v2\/tags?post=547592"}],"curies":[{"name":"wp","href":"https:\/\/api.w.org\/{rel}","templated":true}]}}