{"id":547602,"date":"2025-11-20T20:32:14","date_gmt":"2025-11-20T20:32:14","guid":{"rendered":"https:\/\/www.europesays.com\/fr\/547602\/"},"modified":"2025-11-20T20:32:14","modified_gmt":"2025-11-20T20:32:14","slug":"des-baignades-gratuites-dans-la-seine-mais-une-addition-salee-pour-la-ville-de-paris","status":"publish","type":"post","link":"https:\/\/www.europesays.com\/fr\/547602\/","title":{"rendered":"Des baignades gratuites dans la Seine, mais une addition sal\u00e9e pour la Ville de Paris"},"content":{"rendered":"<p>                    Par<br \/>\n        <strong><br \/>\n            <a href=\"https:\/\/actu.fr\/auteur\/dorinegoth\" title=\"Consulter tous les articles de Dorine Goth\" target=\"_blank\" rel=\"noopener\">Dorine Goth<\/a><br \/>\n                    <\/strong><\/p>\n<p>        Publi\u00e9 le<\/p>\n<p>            20 nov. 2025 \u00e0 19h44        <\/p>\n<p>Un h\u00e9ritage important, mais au prix fort. C\u2019est ce qui ressort du rapport de la Cour des comptes publi\u00e9 jeudi 20\u00a0novembre 2025 sur la <strong><a href=\"https:\/\/actu.fr\/ile-de-france\/paris_75056\/paris-elle-est-douce-et-chaude-on-a-nage-dans-la-seine-a-bercy-avec-les-premiers-baigneurs_62873044.html\" target=\"_blank\" rel=\"noopener\">baignabilit\u00e9 de la Seine<\/a><\/strong>. Apr\u00e8s les <a href=\"https:\/\/actu.fr\/tag\/jo-paris-2024\" target=\"_blank\" rel=\"noopener\">Jeux olympiques et paralympiques de Paris 2024<\/a>, <strong><a href=\"https:\/\/actu.fr\/ile-de-france\/paris_75056\/paris-malgre-l-engouement-l-un-des-trois-sites-de-baignade-dans-la-seine-ne-sera-plus-jamais-accessible_63104286.html\" target=\"_blank\" rel=\"noopener\">trois sites de baignade<\/a> <\/strong>p\u00e9rennes ont \u00e9t\u00e9 cr\u00e9\u00e9s\u2009: Bercy dans le 12e, bras Marie dans le 4e et Pont de Grenelle dans le 15e. Sauf qu\u2019avec <strong>leur gratuit\u00e9 et leur fr\u00e9quentation limit\u00e9e<\/strong>, l\u2019op\u00e9ration p\u00e8se lourd sur les finances de la collectivit\u00e9.<\/p>\n<p>Un co\u00fbt trois fois plus cher qu\u2019une piscine municipale<\/p>\n<p class=\" wall-content\">Au-del\u00e0 des 84,85\u00a0millions d\u2019euros du <strong><a href=\"https:\/\/actu.fr\/ile-de-france\/paris_75056\/au-xviie-siecle-on-se-baignait-nu-dans-la-seine-la-longue-reconquete-du-fleuve-a-paris_61341750.html\" target=\"_blank\" rel=\"noopener\">plan baignade<\/a><\/strong>, l\u2019ouverture de ces trois bassins a n\u00e9cessit\u00e9 13,44\u00a0millions d\u2019euros d\u2019investissements suppl\u00e9mentaires. Leur fonctionnement est estim\u00e9 \u00e0 <strong>5,13\u00a0millions d\u2019euros par an.<\/strong> \u00ab\u2009Il s\u2019agit d\u2019un co\u00fbt net dans la mesure o\u00f9 la Ville de Paris a adopt\u00e9 le principe de gratuit\u00e9 pour ses plages h\u00e9ritage, qui n\u2019engendreront pas de ressources d\u2019exploitation\u2009\u00bb, rappelle la Cour.<\/p>\n<p class=\" wall-content\">\u00c0 partir de ces donn\u00e9es, la chambre r\u00e9gionale de la Cour des comptes calcule un co\u00fbt de <strong>27,87\u00a0euros par baignade <\/strong>pour la collectivit\u00e9. C\u2019est trois fois plus que pour une entr\u00e9e dans une piscine municipale. Et la facture grimpe rapidement d\u00e8s que les sites doivent fermer\u2009: 36,77\u00a0euros si un quart des journ\u00e9es sont ann\u00e9es et 55,74\u00a0euros en cas de <a href=\"https:\/\/actu.fr\/ile-de-france\/paris_75056\/baignade-dans-la-seine-a-paris-drapeau-rouge-pour-les-trois-sites-toujours-fermes-ce-mardi_62880774.html\" target=\"_blank\" rel=\"noopener\">fermeture un jour sur deux<\/a>. En juillet\u00a02025, les conditions d\u2019ouvertures n\u2019ont \u00e9t\u00e9 r\u00e9unies que 18\u00a0jours sur 31, soit presque un jour sur deux.<\/p>\n<p class=\" wall-content\">\u00ab\u2009Si la Ville de Paris conteste, dans sa r\u00e9ponse \u00e0 la chambre, la pertinence de la comparaison des co\u00fbts entre la baignade dans un fleuve et une piscine, celle-ci permet toutefois d\u2019appr\u00e9hender le co\u00fbt du service au regard de sa finalit\u00e9, la baignade. La Ville de Paris reconna\u00eet d\u2019ailleurs que le co\u00fbt pr\u00e9visionnel de 27,87\u00a0euros par personne est coh\u00e9rent avec le co\u00fbt net moyen de 10\u00a0euros par passage pour une piscine classique\u2009\u00bb, rapporte la chambre r\u00e9gionale des comptes.<\/p>\n<p>Un classement incertain<\/p>\n<p class=\" wall-content\">D\u2019autant qu\u2019une incertitude demeure. Les trois zones de baignade ne disposent pas encore d\u2019un <strong>classement sanitaire<\/strong> conforme \u00e0 la directive europ\u00e9enne sur les eaux de baignade. Les <a href=\"https:\/\/actu.fr\/ile-de-france\/paris_75056\/paris-au-lendemain-de-sa-reouverture-la-baignade-dans-la-seine-interdite-ce-dimanche-en-raison-de-la-pluie_62874252.html\" target=\"_blank\" rel=\"noopener\">donn\u00e9es bact\u00e9riologiques<\/a> restent insuffisantes, et la qualit\u00e9 de l\u2019eau devra \u00eatre surveill\u00e9e rigoureusement.<\/p>\n<p class=\" wall-content\">La Ville r\u00e9pond \u00ab\u2009que l\u2019impact r\u00e9sultant de la r\u00e9alisation des grands ouvrages structurants du plan baignade et de la poursuite du plan d\u2019actions m\u00e9tropolitain, ne pourra \u00eatre mesur\u00e9 qu\u2019apr\u00e8s plusieurs ann\u00e9es\u2009\u00bb. En attendant, des mesures de gestion renforc\u00e9es ont \u00e9t\u00e9 mises en place pendant l\u2019\u00e9t\u00e9 2025 pour garantir la s\u00e9curit\u00e9 des baigneurs. La saison pass\u00e9e, plus de <a href=\"https:\/\/actu.fr\/ile-de-france\/paris_75056\/baignade-dans-la-seine-face-au-succes-populaire-et-sanitaire-paris-fait-mentir-les-oiseaux-de-mauvais-augure_63065267.html\" target=\"_blank\" rel=\"noopener\">80\u2009000\u00a0personnes<\/a> ont profit\u00e9 du service.<\/p>\n<p class=\" wall-content\">Personnalisez votre actualit\u00e9 en ajoutant vos villes et m\u00e9dias en favori avec <a href=\"https:\/\/moncompte.actu.fr\" title=\"D\u00e9couvez Mon Actu\" rel=\"nofollow noopener\" data-trk=\"{&quot;cta&quot;:{&quot;action&quot;:&quot;https:\\\/\\\/moncompte.actu.fr&quot;,&quot;category&quot;:&quot;mon compte&quot;,&quot;from&quot;:&quot;article footer&quot;,&quot;name&quot;:&quot;Mon actu&quot;,&quot;type&quot;:&quot;cta&quot;}}\" target=\"_blank\">Mon Actu<\/a>.<\/p>\n","protected":false},"excerpt":{"rendered":"Par Dorine Goth Publi\u00e9 le 20 nov. 2025 \u00e0 19h44 Un h\u00e9ritage important, mais au prix fort. C\u2019est&hellip;\n","protected":false},"author":2,"featured_media":547603,"comment_status":"","ping_status":"","sticky":false,"template":"","format":"standard","meta":{"footnotes":""},"categories":[1888],"tags":[11,66527,1777,674,1011,27,5353,12,626,25,104],"class_list":{"0":"post-547602","1":"post","2":"type-post","3":"status-publish","4":"format-standard","5":"has-post-thumbnail","7":"category-paris","8":"tag-actualites","9":"tag-baignade-dans-la-seine","10":"tag-eu","11":"tag-europe","12":"tag-fr","13":"tag-france","14":"tag-la-seine","15":"tag-news","16":"tag-paris","17":"tag-republique-francaise","18":"tag-societe"},"share_on_mastodon":{"url":"https:\/\/pubeurope.com\/@fr\/115583932558287663","error":""},"_links":{"self":[{"href":"https:\/\/www.europesays.com\/fr\/wp-json\/wp\/v2\/posts\/547602","targetHints":{"allow":["GET"]}}],"collection":[{"href":"https:\/\/www.europesays.com\/fr\/wp-json\/wp\/v2\/posts"}],"about":[{"href":"https:\/\/www.europesays.com\/fr\/wp-json\/wp\/v2\/types\/post"}],"author":[{"embeddable":true,"href":"https:\/\/www.europesays.com\/fr\/wp-json\/wp\/v2\/users\/2"}],"replies":[{"embeddable":true,"href":"https:\/\/www.europesays.com\/fr\/wp-json\/wp\/v2\/comments?post=547602"}],"version-history":[{"count":0,"href":"https:\/\/www.europesays.com\/fr\/wp-json\/wp\/v2\/posts\/547602\/revisions"}],"wp:featuredmedia":[{"embeddable":true,"href":"https:\/\/www.europesays.com\/fr\/wp-json\/wp\/v2\/media\/547603"}],"wp:attachment":[{"href":"https:\/\/www.europesays.com\/fr\/wp-json\/wp\/v2\/media?parent=547602"}],"wp:term":[{"taxonomy":"category","embeddable":true,"href":"https:\/\/www.europesays.com\/fr\/wp-json\/wp\/v2\/categories?post=547602"},{"taxonomy":"post_tag","embeddable":true,"href":"https:\/\/www.europesays.com\/fr\/wp-json\/wp\/v2\/tags?post=547602"}],"curies":[{"name":"wp","href":"https:\/\/api.w.org\/{rel}","templated":true}]}}