{"id":547608,"date":"2025-11-20T20:35:12","date_gmt":"2025-11-20T20:35:12","guid":{"rendered":"https:\/\/www.europesays.com\/fr\/547608\/"},"modified":"2025-11-20T20:35:12","modified_gmt":"2025-11-20T20:35:12","slug":"trump-evoque-la-peine-capitale-pour-des-democrates-appelant-larmee-a-desobeir","status":"publish","type":"post","link":"https:\/\/www.europesays.com\/fr\/547608\/","title":{"rendered":"Trump \u00e9voque la peine capitale pour des d\u00e9mocrates appelant l\u2019arm\u00e9e \u00e0 d\u00e9sob\u00e9ir"},"content":{"rendered":"<p>Le pr\u00e9sident am\u00e9ricain Donald Trump a \u00e9voqu\u00e9 jeudi 20\u00a0novembre la peine de mort pour des \u00e9lus d\u00e9mocrates ayant appel\u00e9 les militaires et les agents du renseignement am\u00e9ricains \u00e0 d\u00e9sob\u00e9ir aux \u00ab\u00a0ordres ill\u00e9gaux\u00a0\u00bb de son gouvernement.<\/p>\n<p>\u00ab\u00a0COMPORTEMENT SEDITIEUX, passible de la peine de MORT\u00a0!\u00a0\u00bb, a \u00e9crit le pr\u00e9sident am\u00e9ricain sur sa plateforme Truth Social. \u00ab\u00a0Absolument inf\u00e2me\u00a0\u00bb, a r\u00e9agi le <a href=\"https:\/\/www.la-croix.com\/international\/apres-la-victoire-de-zohran-mamdani-a-new-york-le-parti-democrate-peut-il-vraiment-sortir-de-son-marasme-20251106\" data-tracking=\"inpage_click\" data-tracking-action=\"lire un article\" data-tracking-category=\"recirculation\" target=\"_blank\" rel=\"noopener\">Parti d\u00e9mocrate<\/a> sur le r\u00e9seau Bluesky.<\/p>\n<blockquote class=\"bluesky-embed\" data-bluesky-uri=\"at:\/\/did:plc:e6f2tjbtbkw4zjiz337hxohn\/app.bsky.feed.post\/3m636yfecfk2d\" data-bluesky-cid=\"bafyreiagomairjyv3ioarmdifz2xigq7jpskqtfvtbi43gdt24urdaxr2e\">\n<p>Trump just called for the death of Democratic elected officials. <\/p>\n<p>Absolutely vile.<\/p>\n<p>\u2014 <a href=\"https:\/\/bsky.app\/profile\/did:plc:e6f2tjbtbkw4zjiz337hxohn?ref_src=embed\" target=\"_blank\" rel=\"noopener\">Democrats (@democrats.org)<\/a> <a href=\"https:\/\/bsky.app\/profile\/did:plc:e6f2tjbtbkw4zjiz337hxohn\/post\/3m636yfecfk2d?ref_src=embed\" target=\"_blank\" rel=\"noopener\">2025-11-20T16:32:04.049746369Z<\/a><\/p><\/blockquote>\n<p class=\"article-embed-disclaimer__text\">\n                Ce contenu est bloqu\u00e9 car vous n&rsquo;avez pas accept\u00e9 les cookies et autres traceurs.\n            <\/p>\n<p>\n                Je g\u00e8re mes choix<br \/>\n                J&rsquo;autorise\n            <\/p>\n<p>Le pr\u00e9sident a \u00e9t\u00e9 accus\u00e9 par l\u2019opposition de recourir \u00e0 l\u2019arm\u00e9e sans fondement l\u00e9gal pour des op\u00e9rations de maintien de l\u2019ordre sur le sol am\u00e9ricain et de lutte contre le narcotrafic \u00e0 l\u2019\u00e9tranger.<\/p>\n<p>Dans un message publi\u00e9 peu auparavant sur la m\u00eame plateforme, Donald Trump avait qualifi\u00e9 ces opposants de \u00ab\u00a0tra\u00eetres\u00a0\u00bb ayant un \u00ab\u00a0comportement s\u00e9ditieux\u00a0\u00bb.<\/p>\n<p>Six \u00e9lus d\u00e9mocrates \u00e0 la Chambre des repr\u00e9sentants et au S\u00e9nat, ayant eux-m\u00eames servi dans l\u2019arm\u00e9e ou les services secrets, ont publi\u00e9 mardi sur X une vid\u00e9o dans laquelle ils lancent \u00e0 l\u2019intention des militaires et des agents du renseignement\u00a0: \u00ab\u00a0Vous pouvez refuser les ordres ill\u00e9gaux.\u00a0\u00bb<\/p>\n<p>\u00ab\u00a0Tous les ordres donn\u00e9s par ce commandant en chef (NDLR\u00a0: un titre du pr\u00e9sident am\u00e9ricain) \u00e0 travers la cha\u00eene de commandement, \u00e0 travers le minist\u00e8re de la guerre, sont l\u00e9gaux\u00a0\u00bb, a assur\u00e9 jeudi la porte-parole de la Maison-Blanche, <a href=\"https:\/\/www.la-croix.com\/international\/karoline-leavitt-portrait-de-la-porte-parole-de-la-maison-blanche-qui-a-tacle-raphael-glucksmann-20250324\" data-tracking=\"inpage_click\" data-tracking-action=\"lire un article\" data-tracking-category=\"recirculation\" target=\"_blank\" rel=\"noopener\">Karoline Leavitt<\/a>. \u00ab\u00a0Non\u00a0\u00bb, a-t-elle r\u00e9pondu \u00e0 une journaliste qui lui demandait si le pr\u00e9sident voulait ex\u00e9cuter les \u00e9lus d\u00e9mocrates.<\/p>\n<p>Dans un communiqu\u00e9 publi\u00e9 jeudi apr\u00e8s le message de Donald Trump, les six d\u00e9mocrates, dont le s\u00e9nateur Mark Kelly, un ancien de la Marine et astronaute de la Nasa, et la s\u00e9natrice Elissa Slotkin, qui a travaill\u00e9 pour la CIA en Irak, ont appel\u00e9 \u00e0 \u00ab\u00a0s\u2019unir et condamner les appels du pr\u00e9sident \u00e0 notre assassinat et \u00e0 la violence politique. C\u2019est l\u2019heure de l\u2019int\u00e9grit\u00e9 morale.\u00a0\u00bb<\/p>\n<p>Critique de l\u2019utilisation de la force arm\u00e9e<\/p>\n<p>Dans la nuit de mercredi \u00e0 jeudi, Donald Trump a partag\u00e9 une publication d\u2019un autre utilisateur sur Truth Social, o\u00f9 il est \u00e9crit\u00a0: \u00ab\u00a0Pendez-les\u00a0\u00bb. \u00ab\u00a0Il craque une allumette dans un pays d\u00e9j\u00e0 imbib\u00e9 de combustible politique\u00a0\u00bb, s\u2019est indign\u00e9 le chef des s\u00e9nateurs d\u00e9mocrates, Chuck Schumer.<\/p>\n<p>Les \u00e9lus de l\u2019opposition ont re\u00e7u jeudi le soutien d\u2019un groupe disant repr\u00e9senter \u00ab\u00a0plus de 360\u00a0\u00bb anciens responsables militaires et diplomatiques, pour lesquels la d\u00e9sob\u00e9issance \u00e0 des ordres ill\u00e9gaux \u00ab\u00a0est le fondement m\u00eame du contr\u00f4le exerc\u00e9 par les civils sur l\u2019arm\u00e9e\u00a0\u00bb.<\/p>\n<p>Les \u00e9lus d\u00e9mocrates ne pr\u00e9cisent pas dans leur vid\u00e9o \u00e0 quels ordres ils font r\u00e9f\u00e9rence, mais Donald Trump et son fid\u00e8le alli\u00e9 au Pentagone, le ministre Pete Hegseth, sont critiqu\u00e9s pour leur utilisation des forces arm\u00e9es.<\/p>\n<p>Le pr\u00e9sident a ordonn\u00e9 le d\u00e9ploiement de la Garde nationale <a href=\"https:\/\/www.la-croix.com\/international\/securite-ou-politique-quand-donald-trump-deploie-la-garde-nationale-chez-les-democrates-20250917\" data-tracking=\"inpage_click\" data-tracking-action=\"lire un article\" data-tracking-category=\"recirculation\" target=\"_blank\" rel=\"noopener\">dans plusieurs villes d\u00e9mocrates<\/a>, dont Los Angeles et Washington, contre l\u2019avis des autorit\u00e9s locales.<\/p>\n<p>Les \u00c9tats-Unis ont \u00e9galement men\u00e9 ces derni\u00e8res semaines une vingtaine de frappes dans les Cara\u00efbes et le Pacifique contre des embarcations qu\u2019ils accusent \u2013 sans pr\u00e9senter de preuves \u2013 de transporter de la drogue, faisant au moins 83 victimes.<\/p>\n<p>Le haut-commissaire des Nations unies aux droits de l\u2019Homme Volker T\u00fcrk a jug\u00e9, \u00e0 propos de ces op\u00e9rations, qu\u2019il existait de \u00ab\u00a0solides indices\u00a0\u00bb de \u00ab\u00a0violations du droit international\u00a0\u00bb humanitaire et \u00ab\u00a0d\u2019ex\u00e9cutions extrajudiciaires\u00a0\u00bb.<\/p>\n<p>Avant Donald Trump, d\u2019autres hauts responsables de la Maison-Blanche avaient attaqu\u00e9 l\u2019appel des six \u00e9lus de l\u2019opposition. \u00ab\u00a0Des responsables d\u00e9mocrates appellent ouvertement la CIA et les dirigeants de l\u2019arm\u00e9e \u00e0 se rebeller contre leur Commandant en chef. Ne sous-estimez pas \u00e0 quel point le Parti d\u00e9mocrate est devenu dangereusement radicalis\u00e9\u00a0\u00bb, avait r\u00e9agi mercredi sur X le directeur de cabinet adjoint de la Maison-Blanche Stephen Miller.<\/p>\n","protected":false},"excerpt":{"rendered":"Le pr\u00e9sident am\u00e9ricain Donald Trump a \u00e9voqu\u00e9 jeudi 20\u00a0novembre la peine de mort pour des \u00e9lus d\u00e9mocrates ayant&hellip;\n","protected":false},"author":2,"featured_media":547609,"comment_status":"","ping_status":"","sticky":false,"template":"","format":"standard","meta":{"footnotes":""},"categories":[1589],"tags":[11,73,1866,12,1864,1865,1863,308],"class_list":{"0":"post-547608","1":"post","2":"type-post","3":"status-publish","4":"format-standard","5":"has-post-thumbnail","7":"category-etats-unis","8":"tag-actualites","9":"tag-etats-unis","10":"tag-etats-unis-damerique","11":"tag-news","12":"tag-united-states","13":"tag-united-states-of-america","14":"tag-us","15":"tag-usa"},"share_on_mastodon":{"url":"https:\/\/pubeurope.com\/@fr\/115583944293917800","error":""},"_links":{"self":[{"href":"https:\/\/www.europesays.com\/fr\/wp-json\/wp\/v2\/posts\/547608","targetHints":{"allow":["GET"]}}],"collection":[{"href":"https:\/\/www.europesays.com\/fr\/wp-json\/wp\/v2\/posts"}],"about":[{"href":"https:\/\/www.europesays.com\/fr\/wp-json\/wp\/v2\/types\/post"}],"author":[{"embeddable":true,"href":"https:\/\/www.europesays.com\/fr\/wp-json\/wp\/v2\/users\/2"}],"replies":[{"embeddable":true,"href":"https:\/\/www.europesays.com\/fr\/wp-json\/wp\/v2\/comments?post=547608"}],"version-history":[{"count":0,"href":"https:\/\/www.europesays.com\/fr\/wp-json\/wp\/v2\/posts\/547608\/revisions"}],"wp:featuredmedia":[{"embeddable":true,"href":"https:\/\/www.europesays.com\/fr\/wp-json\/wp\/v2\/media\/547609"}],"wp:attachment":[{"href":"https:\/\/www.europesays.com\/fr\/wp-json\/wp\/v2\/media?parent=547608"}],"wp:term":[{"taxonomy":"category","embeddable":true,"href":"https:\/\/www.europesays.com\/fr\/wp-json\/wp\/v2\/categories?post=547608"},{"taxonomy":"post_tag","embeddable":true,"href":"https:\/\/www.europesays.com\/fr\/wp-json\/wp\/v2\/tags?post=547608"}],"curies":[{"name":"wp","href":"https:\/\/api.w.org\/{rel}","templated":true}]}}