{"id":547611,"date":"2025-11-20T20:37:12","date_gmt":"2025-11-20T20:37:12","guid":{"rendered":"https:\/\/www.europesays.com\/fr\/547611\/"},"modified":"2025-11-20T20:37:12","modified_gmt":"2025-11-20T20:37:12","slug":"zverev-et-lallemagne-nont-plus-le-droit-a-lerreur-contre-largentine","status":"publish","type":"post","link":"https:\/\/www.europesays.com\/fr\/547611\/","title":{"rendered":"Zverev et l\u2019Allemagne n\u2019ont plus le droit \u00e0 l\u2019erreur contre l\u2019Argentine"},"content":{"rendered":"<p>\n    Etcheverry a lanc\u00e9 l\u2019Argentine sur de bons rails gr\u00e2ce \u00e0 son succ\u00e8s face \u00e0 l\u2019Allemand Struff (7-6 (7\/3), 7-6 (9\/7)). Alexander Zverev est maintenant dans l\u2019obligation de remporter son match.<\/p>\n<p class=\"fig-paragraph\">L&rsquo;Argentin Tomas Martin Etcheverry (60e mondial) a plac\u00e9 la s\u00e9lection albiceleste en t\u00eate de son quart de finale de\u00a0<a href=\"http:\/\/www.lefigaro.fr\/sports\/tennis\/coupe-davis\/coupe-davis-on-ne-voit-rien-p-l-incident-passe-inapercu-en-tribune-qui-a-retarde-le-match-france-belgique-20251120\" target=\"_blank\" data-fig-type=\"NewsFlash\" rel=\"nofollow noopener\" data-gtm-custom-categorie=\"navigation\" data-gtm-custom-action=\"crossclick\" data-gtm-custom-label=\"Contextuel\" data-gtm-event=\"customEventSPE\" data-fig-domain=\"LEFIGARO\">Coupe Davis\u00a0<\/a>contre l&rsquo;Allemagne en battant Jan-Lennard Struff (84e), jeudi \u00e0 Bologne. Le N.2 de la s\u00e9lection sud-am\u00e9ricaine, men\u00e9 d&rsquo;un break dans la premi\u00e8re manche avant de recoller, s&rsquo;est impos\u00e9 7-6 (7\/3), 7-6 (9\/7) pour rapprocher son pays d&rsquo;une premi\u00e8re demi-finale de Coupe Davis depuis 2016, ann\u00e9e du seul titre argentin dans la comp\u00e9tition.<\/p>\n<p>Zverev sous pression<\/p>\n<p class=\"fig-paragraph\">Si son compatriote Francisco Cerundolo (21e) l&#8217;emporte \u00e0 son tour contre le N.3 mondial\u00a0<a href=\"http:\/\/www.lefigaro.fr\/sports\/tennis\/coupe-davis\/tennis-pas-la-vraie-coupe-davis-alexander-zverev-tacle-le-nouveau-format-20251115\" target=\"_blank\" data-fig-type=\"NewsFlash\" rel=\"nofollow noopener\" data-gtm-custom-categorie=\"navigation\" data-gtm-custom-action=\"crossclick\" data-gtm-custom-label=\"Contextuel\" data-gtm-event=\"customEventSPE\" data-fig-domain=\"LEFIGARO\">Alexander Zverev<\/a>\u00a0dans le deuxi\u00e8me simple de la soir\u00e9e, la seule s\u00e9lection non europ\u00e9enne parmi les huit qualifi\u00e9es pour la phase finale \u00e0 Bologne assurera sa place dans le dernier carr\u00e9. Le vainqueur du quart de finale Argentine-Allemagne affrontera samedi l&rsquo;Espagne en demi-finale. L&rsquo;autre match du dernier carr\u00e9 mettra aux prises d\u00e8s vendredi les doubles tenants du titre italiens et la Belgique.<\/p>\n","protected":false},"excerpt":{"rendered":"Etcheverry a lanc\u00e9 l\u2019Argentine sur de bons rails gr\u00e2ce \u00e0 son succ\u00e8s face \u00e0 l\u2019Allemand Struff (7-6 (7\/3),&hellip;\n","protected":false},"author":2,"featured_media":547612,"comment_status":"","ping_status":"","sticky":false,"template":"","format":"standard","meta":{"footnotes":""},"categories":[1587],"tags":[11,5827,672,1804,1805,1803,1777,674,1801,12,1802],"class_list":{"0":"post-547611","1":"post","2":"type-post","3":"status-publish","4":"format-standard","5":"has-post-thumbnail","7":"category-allemagne","8":"tag-actualites","9":"tag-alexander-zverev","10":"tag-allemagne","11":"tag-bundesrepublik-deutschland","12":"tag-de","13":"tag-deutschland","14":"tag-eu","15":"tag-europe","16":"tag-germany","17":"tag-news","18":"tag-republique-federale-dallemagne"},"share_on_mastodon":{"url":"https:\/\/pubeurope.com\/@fr\/115583952145306783","error":""},"_links":{"self":[{"href":"https:\/\/www.europesays.com\/fr\/wp-json\/wp\/v2\/posts\/547611","targetHints":{"allow":["GET"]}}],"collection":[{"href":"https:\/\/www.europesays.com\/fr\/wp-json\/wp\/v2\/posts"}],"about":[{"href":"https:\/\/www.europesays.com\/fr\/wp-json\/wp\/v2\/types\/post"}],"author":[{"embeddable":true,"href":"https:\/\/www.europesays.com\/fr\/wp-json\/wp\/v2\/users\/2"}],"replies":[{"embeddable":true,"href":"https:\/\/www.europesays.com\/fr\/wp-json\/wp\/v2\/comments?post=547611"}],"version-history":[{"count":0,"href":"https:\/\/www.europesays.com\/fr\/wp-json\/wp\/v2\/posts\/547611\/revisions"}],"wp:featuredmedia":[{"embeddable":true,"href":"https:\/\/www.europesays.com\/fr\/wp-json\/wp\/v2\/media\/547612"}],"wp:attachment":[{"href":"https:\/\/www.europesays.com\/fr\/wp-json\/wp\/v2\/media?parent=547611"}],"wp:term":[{"taxonomy":"category","embeddable":true,"href":"https:\/\/www.europesays.com\/fr\/wp-json\/wp\/v2\/categories?post=547611"},{"taxonomy":"post_tag","embeddable":true,"href":"https:\/\/www.europesays.com\/fr\/wp-json\/wp\/v2\/tags?post=547611"}],"curies":[{"name":"wp","href":"https:\/\/api.w.org\/{rel}","templated":true}]}}