{"id":547613,"date":"2025-11-20T20:38:18","date_gmt":"2025-11-20T20:38:18","guid":{"rendered":"https:\/\/www.europesays.com\/fr\/547613\/"},"modified":"2025-11-20T20:38:18","modified_gmt":"2025-11-20T20:38:18","slug":"les-propos-du-chef-detat-major-sont-excessivement-inquietants-estime-lancien-ministre-de-la-defense-g-longuet","status":"publish","type":"post","link":"https:\/\/www.europesays.com\/fr\/547613\/","title":{"rendered":"Les propos du chef d&rsquo;\u00e9tat major sont \u00abexcessivement inqui\u00e9tants\u00bb estime l&rsquo;ancien ministre de la D\u00e9fense G.Longuet"},"content":{"rendered":"<p>            Description de l&rsquo;\u00e9pisode<\/p>\n<p>Tous les jours dans Europe 1 Soir, Pierre de Vilno re\u00e7oit un invit\u00e9 au c\u0153ur de l&rsquo;actualit\u00e9 politique. Aujourd&rsquo;hui, il re\u00e7oit l&rsquo;ancien ministre de la D\u00e9fense, G\u00e9rard Longuet pour revenir et analyser les propos du chef d&rsquo;\u00e9tat major des arm\u00e9es Fabien Mandon qui est intervenus, mercredi dernier lors du congr\u00e8s des maires de France que le pays devait \u00eatre pr\u00eat \u00e0 \u00ab accepter de perdre ses enfants \u00bb alors qu&rsquo;une \u00abconfrontation \u00e0 l\u2019horizon 2030\u00bb avec la Russie n&rsquo;est pas \u00e0 exclure.<\/p>\n<p>Invit\u00e9s :\u00a0<\/p>\n<ul>\n<li><strong>G\u00e9rard Longuet<\/strong>, ancien ministre de la D\u00e9fense et des anciens combattants et s\u00e9nateur honoraire de la Meuse<\/li>\n<li><strong>Alexandre Mancino<\/strong>, avocat, pr\u00e9sident du cercle Orion, auteur de Redonner sa grandeur \u00e0 la politique. Plaidoyer pour une rel\u00e8ve audacieuse, \u00e0 la hauteur des temps (Ed. Temporis, paru ce jeudi 20 novembre)<\/li>\n<\/ul>\n<p>Chroniqueurs :<\/p>\n<ul>\n<li><strong>Catherine Nay<\/strong>, grande voix d\u2019Europe 1 et \u00e9ditorialiste politique<\/li>\n<li><strong>Jules Torres<\/strong>, journaliste politique au JDD<\/li>\n<li><strong>Rapha\u00ebl Stainville<\/strong>, directeur adjoint de la r\u00e9daction du JDD<\/li>\n<li><strong>Jean-Claude Dassier<\/strong>, chroniqueur politique<\/li>\n<\/ul>\n","protected":false},"excerpt":{"rendered":"Description de l&rsquo;\u00e9pisode Tous les jours dans Europe 1 Soir, Pierre de Vilno re\u00e7oit un invit\u00e9 au c\u0153ur&hellip;\n","protected":false},"author":2,"featured_media":547614,"comment_status":"","ping_status":"","sticky":false,"template":"","format":"standard","meta":{"footnotes":""},"categories":[1586],"tags":[11,1777,674,1011,27,12,25],"class_list":{"0":"post-547613","1":"post","2":"type-post","3":"status-publish","4":"format-standard","5":"has-post-thumbnail","7":"category-europe","8":"tag-actualites","9":"tag-eu","10":"tag-europe","11":"tag-fr","12":"tag-france","13":"tag-news","14":"tag-republique-francaise"},"share_on_mastodon":{"url":"https:\/\/pubeurope.com\/@fr\/115583956099591060","error":""},"_links":{"self":[{"href":"https:\/\/www.europesays.com\/fr\/wp-json\/wp\/v2\/posts\/547613","targetHints":{"allow":["GET"]}}],"collection":[{"href":"https:\/\/www.europesays.com\/fr\/wp-json\/wp\/v2\/posts"}],"about":[{"href":"https:\/\/www.europesays.com\/fr\/wp-json\/wp\/v2\/types\/post"}],"author":[{"embeddable":true,"href":"https:\/\/www.europesays.com\/fr\/wp-json\/wp\/v2\/users\/2"}],"replies":[{"embeddable":true,"href":"https:\/\/www.europesays.com\/fr\/wp-json\/wp\/v2\/comments?post=547613"}],"version-history":[{"count":0,"href":"https:\/\/www.europesays.com\/fr\/wp-json\/wp\/v2\/posts\/547613\/revisions"}],"wp:featuredmedia":[{"embeddable":true,"href":"https:\/\/www.europesays.com\/fr\/wp-json\/wp\/v2\/media\/547614"}],"wp:attachment":[{"href":"https:\/\/www.europesays.com\/fr\/wp-json\/wp\/v2\/media?parent=547613"}],"wp:term":[{"taxonomy":"category","embeddable":true,"href":"https:\/\/www.europesays.com\/fr\/wp-json\/wp\/v2\/categories?post=547613"},{"taxonomy":"post_tag","embeddable":true,"href":"https:\/\/www.europesays.com\/fr\/wp-json\/wp\/v2\/tags?post=547613"}],"curies":[{"name":"wp","href":"https:\/\/api.w.org\/{rel}","templated":true}]}}