{"id":547621,"date":"2025-11-20T20:42:22","date_gmt":"2025-11-20T20:42:22","guid":{"rendered":"https:\/\/www.europesays.com\/fr\/547621\/"},"modified":"2025-11-20T20:42:22","modified_gmt":"2025-11-20T20:42:22","slug":"miss-france-2026-je-mets-toujours-du-parfum-avant-de-sortir-linterview-decalee-de-lola-lachere-miss-nord-pas-de-calais","status":"publish","type":"post","link":"https:\/\/www.europesays.com\/fr\/547621\/","title":{"rendered":"Miss France 2026 &#8211; \u00ab\u00a0Je mets toujours du parfum avant de sortir\u00a0\u00bb : l&rsquo;interview d\u00e9cal\u00e9e de Lola Lach\u00e9r\u00e9, Miss Nord-Pas-de-Calais"},"content":{"rendered":"<ul class=\"jsx-862013697 ArticleChapo__List\">\n<li class=\"jsx-862013697 ArticleChapo__List_Item flex\">Lola Lach\u00e9r\u00e9, Miss Nord-Pas-de-Calais, est candidate \u00e0 l\u2019\u00e9lection de Miss France 2026 qui aura lieu le 6 d\u00e9cembre au Z\u00e9nith d\u2019Amiens.<\/li>\n<li class=\"jsx-862013697 ArticleChapo__List_Item flex\">Pour TF1info, elle s\u2019est pr\u00eat\u00e9e \u00e0 un portrait chinois remani\u00e9.<\/li>\n<\/ul>\n<p><a href=\"https:\/\/www.tf1info.fr\/actualite\/miss-france-2026-nord-pas-de-calais-ile-de-france-provence-quelle-candidate-succedera-a-angelique-angarni-filopon-14419\/\" rel=\"noopener\" class=\"jsx-484472199 Link jsx-1428418400 jsx-798756813\" target=\"_blank\"><\/p>\n<p style=\"font-weight:400\" class=\"jsx-1837267516\">Suivez la couverture compl\u00e8te<\/p>\n<p style=\"font-weight:800\" class=\"jsx-1837267516\">Miss France 2026 : quelle candidate succ\u00e8dera \u00e0 Ang\u00e9lique Angarni-Filopon ?<\/p>\n<p><\/a><\/p>\n<p data-module=\"article-paragraph\" class=\"jsx-3046738180 Paragraph\">Qui sera couronn\u00e9e par Ang\u00e9lique Angarni-Filopon,<a href=\"https:\/\/www.tf1info.fr\/culture\/interview-miss-france-2025-apres-son-sacre-angelique-angarni-filopon-a-hate-de-tout-ma-troisieme-participation-aura-ete-la-bonne-2339974.html\" target=\"_blank\" rel=\"noopener\"> premi\u00e8re Martiniquaise et premi\u00e8re trentenaire \u00e9lue Miss France <\/a>? Avant de d\u00e9couvrir les traditionnels portraits des candidates lors de l&rsquo;\u00e9lection, <a href=\"https:\/\/www.tf1info.fr\/culture\/miss-france-2026-candidates-de-l-alsace-a-tahiti-qui-representera-votre-region-2382342.html\" target=\"_blank\" rel=\"noopener\">qui aura lieu le 6 d\u00e9cembre au Z\u00e9nith d\u2019Amiens<\/a>, TF1info vous propose de faire connaissance avec les 30 reines de beaut\u00e9 en lice pour le titre de Miss France 2026.<\/p>\n<p data-module=\"article-paragraph\" class=\"jsx-3046738180 Paragraph Paragraph__End\">Toutes ont r\u00e9pondu \u00e0 un portrait chinois remani\u00e9 dans lequel elles d\u00e9voilent leur film culte, leur chanson inavouable, leur petite manie au quotidien, leur job de r\u00eave ou leur blague qui marche \u00e0 tous les coups. D\u00e9couvrez les r\u00e9ponses de Lola Lach\u00e9r\u00e9, Miss Nord-Pas-de-Calais, 20 ans.<\/p>\n<p><img decoding=\"async\" src=\"https:\/\/www.europesays.com\/fr\/wp-content\/uploads\/2025\/11\/miss-france-2026-miss-nord-pas-de-calais-lola-lachere-362d60-0@1x.jpeg\" alt=\"BENJAMIN DECOIN \/ SIPA \/ TF1\" loading=\"lazy\" importance=\"low\" fetchpriority=\"low\" class=\"\" data-module=\"article-image\"\/>BENJAMIN DECOIN \/ SIPA \/ TF1<\/p>\n<p data-module=\"article-paragraph\" class=\"jsx-3046738180 Paragraph\"><strong>Mon film culte<\/strong><\/p>\n<p data-module=\"article-paragraph\" class=\"jsx-3046738180 Paragraph\">Le Diable s\u2019habille en Prada.<\/p>\n<p data-module=\"article-paragraph\" class=\"jsx-3046738180 Paragraph\"><strong>Ma s\u00e9rie pr\u00e9f\u00e9r\u00e9e<\/strong><\/p>\n<p data-module=\"article-paragraph\" class=\"jsx-3046738180 Paragraph\">Gossip Girl.<\/p>\n<p data-module=\"article-paragraph\" class=\"jsx-3046738180 Paragraph\"><strong>Ma chanson inavouable<\/strong><\/p>\n<p data-module=\"article-paragraph\" class=\"jsx-3046738180 Paragraph Paragraph__End\">\u00ab\u00a0Toutes les femmes de ta vie\u00a0\u00bb des L5.<\/p>\n<p data-module=\"article-paragraph\" class=\"jsx-3046738180 Paragraph\"><strong>Mon ic\u00f4ne<\/strong><\/p>\n<p data-module=\"article-paragraph\" class=\"jsx-3046738180 Paragraph\">Simone Veil, pour sa force, son courage et son engagement. Elle repr\u00e9sente une inspiration pour toutes les femmes. Dans le monde des Miss France, Camille Cerf, notre Miss Nord-Pas-de-Calais 2014 et Miss France 2015, m\u2019inspire \u00e9norm\u00e9ment par son c\u00f4t\u00e9 naturel, humble et par son engagement. Elle incarne une femme authentique et bienveillante. Elle a su construire une belle famille dans le Nord, s\u2019accepter pleinement et rester fid\u00e8le \u00e0 elle-m\u00eame. Elle est pour moi un v\u00e9ritable exemple.<\/p>\n<p data-module=\"article-paragraph\" class=\"jsx-3046738180 Paragraph\"><strong>Mon crush c\u00e9l\u00e8bre<\/strong><\/p>\n<p data-module=\"article-paragraph\" class=\"jsx-3046738180 Paragraph\">L&rsquo;acteur Jacob Elordi.<\/p>\n<p data-module=\"article-paragraph\" class=\"jsx-3046738180 Paragraph\"><strong>Ma petite manie au quotidien<\/strong><\/p>\n<p data-module=\"article-paragraph\" class=\"jsx-3046738180 Paragraph\">J\u2019aime toujours mettre du parfum avant de sortir.<\/p>\n<p data-module=\"article-paragraph\" class=\"jsx-3046738180 Paragraph\"><strong>Ma blague qui marche \u00e0 tous les coups<\/strong><\/p>\n<p data-module=\"article-paragraph\" class=\"jsx-3046738180 Paragraph\">Quel animal a le plus de dents ? La petite souris.<\/p>\n<p data-module=\"article-paragraph\" class=\"jsx-3046738180 Paragraph\"><strong>Ma plus grosse b\u00eatise<\/strong><\/p>\n<p data-module=\"article-paragraph\" class=\"jsx-3046738180 Paragraph Paragraph__End\">Quand j\u2019\u00e9tais enfant, j\u2019ai eu une id\u00e9e un peu trop \u00ab\u00a0artistique\u00a0\u00bb : jouer avec de la p\u00e2te \u00e0 modeler. Jusque-l\u00e0, rien d&rsquo;\u00e9tonnant\u2026 Jusqu\u2019au moment o\u00f9, ne me demandez pas pourquoi, j\u2019ai d\u00e9cid\u00e9 d\u2019en mettre dans mon nez ! Tr\u00e8s vite, je me suis retrouv\u00e9e \u00e0 avoir du mal \u00e0 respirer. Heureusement, ma m\u00e8re \u00e9tait juste \u00e0 c\u00f4t\u00e9 et a r\u00e9ussi \u00e0 m\u2019en d\u00e9barrasser.<\/p>\n<blockquote class=\"jsx-2786790838 Quote__Text\"><p>J&rsquo;ai choisi la lutte contre le cancer du sein, une cause personnelle qui a touch\u00e9 ma grand-m\u00e8re<\/p><\/blockquote>\n<p>Lola Lach\u00e9r\u00e9, Miss Nord-Pas-de-Calais<\/p>\n<p data-module=\"article-paragraph\" class=\"jsx-3046738180 Paragraph\"><strong>Mon job de r\u00eave<\/strong><\/p>\n<p data-module=\"article-paragraph\" class=\"jsx-3046738180 Paragraph\">J\u2019aimerais devenir charg\u00e9e de projet \u00e9v\u00e9nementiel pour organiser des exp\u00e9riences uniques et laisser des souvenirs inoubliables.<\/p>\n<p data-module=\"article-paragraph\" class=\"jsx-3046738180 Paragraph\"><strong>Le r\u00e9seau social que j&rsquo;utilise le plus<\/strong><\/p>\n<p data-module=\"article-paragraph\" class=\"jsx-3046738180 Paragraph\">Le r\u00e9seau social que j\u2019utilise le plus est Instagram. Je l\u2019utilise pour me divertir, \u00e9changer avec mes proches et ma communaut\u00e9, m\u2019inspirer et suivre l\u2019actualit\u00e9.<\/p>\n<p data-module=\"article-paragraph\" class=\"jsx-3046738180 Paragraph\"><strong>Le truc que tout le monde adore et que je d\u00e9teste le plus<\/strong><\/p>\n<p data-module=\"article-paragraph\" class=\"jsx-3046738180 Paragraph\">Le caf\u00e9 ! Tout le monde en boit, mais moi je n\u2019aime pas du tout !<\/p>\n<p data-module=\"article-paragraph\" class=\"jsx-3046738180 Paragraph\"><strong>Mon produit local indispensable<\/strong><\/p>\n<p data-module=\"article-paragraph\" class=\"jsx-3046738180 Paragraph Paragraph__End\">Les gaufres de chez Meert !<\/p>\n<p><a href=\"https:\/\/www.tf1info.fr\/culture\/miss-france-2026-candidates-de-l-alsace-a-tahiti-qui-representera-votre-region-2382342.html\" rel=\"noopener\" class=\"jsx-3308031228 Link flex\" target=\"_blank\"><img decoding=\"async\" src=\"https:\/\/www.europesays.com\/fr\/wp-content\/uploads\/2025\/10\/miss-france-2025-2-deae74-0@1x.jpeg\" alt=\"ROMAIN PERROCHEAU \/ AFP\" loading=\"lazy\" importance=\"low\" fetchpriority=\"low\" class=\"\" aria-hidden=\"true\"\/><\/p>\n<p class=\"jsx-3657663356 ReadMoreArticle__Title\">Lire aussi<\/p>\n<p class=\"jsx-3657663356\">Miss France 2026 : de l&rsquo;Alsace \u00e0 Tahiti, qui repr\u00e9sentera votre r\u00e9gion ?<\/p>\n<p><\/a><\/p>\n<p data-module=\"article-paragraph\" class=\"jsx-3046738180 Paragraph\"><strong>Pourquoi je participe \u00e0 Miss France<\/strong><\/p>\n<p data-module=\"article-paragraph\" class=\"jsx-3046738180 Paragraph\">Je participe \u00e0 Miss France pour vivre une aventure unique, pour me d\u00e9passer, mais aussi pour repr\u00e9senter fi\u00e8rement ma r\u00e9gion, pour porter un message d\u2019authenticit\u00e9 et d\u2019audace et inspirer les jeunes filles \u00e0 croire en elles.<\/p>\n<p data-module=\"article-paragraph\" class=\"jsx-3046738180 Paragraph\"><strong>Ma cause de c\u0153ur<\/strong><\/p>\n<p data-module=\"article-paragraph\" class=\"jsx-3046738180 Paragraph\">Plusieurs causes me tiennent \u00e0 c\u0153ur, mais j\u2019ai choisi la lutte contre le cancer du sein, une cause personnelle qui a touch\u00e9 ma grand-m\u00e8re. Je soutiens \u00e9galement les enfants atteints de maladies graves.<\/p>\n<p data-module=\"article-paragraph\" class=\"jsx-3046738180 Paragraph\"><strong>Ma pire crainte le soir de l\u2019\u00e9lection<\/strong><\/p>\n<p data-module=\"article-paragraph\" class=\"jsx-3046738180 Paragraph Paragraph__End\">Je n\u2019ai pas vraiment de crainte, mais si je devais en citer une, ce serait de tr\u00e9bucher sur sc\u00e8ne.<\/p>\n<p>Delphine DE FREITAS<\/p>\n","protected":false},"excerpt":{"rendered":"Lola Lach\u00e9r\u00e9, Miss Nord-Pas-de-Calais, est candidate \u00e0 l\u2019\u00e9lection de Miss France 2026 qui aura lieu le 6 d\u00e9cembre&hellip;\n","protected":false},"author":2,"featured_media":547622,"comment_status":"","ping_status":"","sticky":false,"template":"","format":"standard","meta":{"footnotes":""},"categories":[4],"tags":[1111,11,1921,17055,1011,27,1922,2041,3034,64682,12,973,25,39710,199,133,2040],"class_list":{"0":"post-547621","1":"post","2":"type-post","3":"status-publish","4":"format-standard","5":"has-post-thumbnail","7":"category-france","8":"tag-actu","9":"tag-actualites","10":"tag-article-video","11":"tag-camille-cerf","12":"tag-fr","13":"tag-france","14":"tag-info","15":"tag-medias-et-divertissement","16":"tag-miss-france","17":"tag-miss-france-2026-quelle-candidate-succedera-a-angelique-angarni-filopon","18":"tag-news","19":"tag-people","20":"tag-republique-francaise","21":"tag-simone-veil","22":"tag-tf1","23":"tag-video","24":"tag-video-culture"},"share_on_mastodon":{"url":"https:\/\/pubeurope.com\/@fr\/115583972413614707","error":""},"_links":{"self":[{"href":"https:\/\/www.europesays.com\/fr\/wp-json\/wp\/v2\/posts\/547621","targetHints":{"allow":["GET"]}}],"collection":[{"href":"https:\/\/www.europesays.com\/fr\/wp-json\/wp\/v2\/posts"}],"about":[{"href":"https:\/\/www.europesays.com\/fr\/wp-json\/wp\/v2\/types\/post"}],"author":[{"embeddable":true,"href":"https:\/\/www.europesays.com\/fr\/wp-json\/wp\/v2\/users\/2"}],"replies":[{"embeddable":true,"href":"https:\/\/www.europesays.com\/fr\/wp-json\/wp\/v2\/comments?post=547621"}],"version-history":[{"count":0,"href":"https:\/\/www.europesays.com\/fr\/wp-json\/wp\/v2\/posts\/547621\/revisions"}],"wp:featuredmedia":[{"embeddable":true,"href":"https:\/\/www.europesays.com\/fr\/wp-json\/wp\/v2\/media\/547622"}],"wp:attachment":[{"href":"https:\/\/www.europesays.com\/fr\/wp-json\/wp\/v2\/media?parent=547621"}],"wp:term":[{"taxonomy":"category","embeddable":true,"href":"https:\/\/www.europesays.com\/fr\/wp-json\/wp\/v2\/categories?post=547621"},{"taxonomy":"post_tag","embeddable":true,"href":"https:\/\/www.europesays.com\/fr\/wp-json\/wp\/v2\/tags?post=547621"}],"curies":[{"name":"wp","href":"https:\/\/api.w.org\/{rel}","templated":true}]}}