{"id":547625,"date":"2025-11-20T20:45:14","date_gmt":"2025-11-20T20:45:14","guid":{"rendered":"https:\/\/www.europesays.com\/fr\/547625\/"},"modified":"2025-11-20T20:45:14","modified_gmt":"2025-11-20T20:45:14","slug":"pro-d2-les-supporters-de-beziers-se-mobilisent-pour-payer-lhotel-aux-joueurs-de-lasbh-avant-leur-match-a-oyonnax","status":"publish","type":"post","link":"https:\/\/www.europesays.com\/fr\/547625\/","title":{"rendered":"Pro D2 &#8211; Les supporters de B\u00e9ziers se mobilisent pour payer l&rsquo;h\u00f4tel aux joueurs de l&rsquo;ASBH avant leur match \u00e0 Oyonnax"},"content":{"rendered":"<p>\n                L&rsquo;ASBH a choisi d&rsquo;envoyer son \u00e9quipe \u00e0 Oyonnax le matin m\u00eame du match, suscitant l&rsquo;incompr\u00e9hension. Les supporters ont r\u00e9agi en lan\u00e7ant une cagnotte pour financer une nuit d&rsquo;h\u00f4tel.\u00a0\n            <\/p>\n<p>Les dirigeants de l\u2019ASBH ont fait un choix plut\u00f4t surprenant : envoyer leur \u00e9quipe \u00e0 Oyonnax le matin m\u00eame du match, pr\u00e9vu le 28 novembre (12e\u00a0journ\u00e9e de Pro D2). Une d\u00e9cision qui a rapidement suscit\u00e9 l\u2019incompr\u00e9hension\u2026 et la r\u00e9action imm\u00e9diate du club de supporters Les Brennus, bien d\u00e9termin\u00e9s \u00e0 ne pas laisser les joueurs pr\u00e9parer une telle rencontre dans ces conditions.<\/p>\n<p>\u00ab\u00a0Les Brennus\u00a0\u00bb montent au cr\u00e9neau<\/p>\n<p>\u00c0 peine inform\u00e9s, les responsables du groupe de supporters ont lanc\u00e9 une cagnotte en ligne pour offrir aux joueurs une nuit d\u2019h\u00f4tel la veille du match. Objectif : leur permettre de voyager plus confortablement et d\u2019aborder la rencontre dans de bonnes conditions.<\/p>\n<p>Dans un communiqu\u00e9, ils expliquent leur d\u00e9marche : \u00ab\u00a0Nous ne pouvions pas rester spectateurs devant une d\u00e9cision incompr\u00e9hensible et inacceptable, qui nuit \u00e0 la pr\u00e9paration du match et \u00e0 la sant\u00e9 des joueurs. Nous lan\u00e7ons donc une cagnotte pour financer une nuit d\u2019h\u00f4tel \u00e0 Oyonnax la veille de la rencontre.\u00a0\u00bb Convaincus que ce d\u00e9placement matinal pourrait alt\u00e9rer la r\u00e9cup\u00e9ration et la mise en place tactique pr\u00e9alable au match, les supporters appellent d\u00e9sormais le public \u00e0 les soutenir dans cette initiative, via une cagnotte leetchi que vous pouvez soutenir<strong> <a href=\"https:\/\/www.leetchi.com\/fr\/c\/soutien-aux-joueurshotel-oyonnax-6807941?utm_source=native&amp;utm_medium=social_sharing\" target=\"_self\" rel=\"nofollow noopener\">avec ce lien<\/a><\/strong> et qui a r\u00e9colt\u00e9 pour l&rsquo;heure un peu plus de 200 euros.<\/p>\n<p data-is-last-node=\"\" data-is-only-node=\"\">Treizi\u00e8mes du classement \u00e0 six points de la derni\u00e8re place, les Biterrois vivent une saison sportive d\u00e9licate, mais surtout traversent une crise organisationnelle. Depuis le d\u00e9part controvers\u00e9 de Pierre Caillet qui n\u2019a jamais \u00e9t\u00e9 accept\u00e9 par le vestiaire, les difficult\u00e9s s\u2019encha\u00eenent et le club ne parvient plus \u00e0 rassurer ses supporters avec des nouveaux propri\u00e9taires tr\u00e8s discrets. Cet \u00e9pisode illustre de nouveau le manque de lisibilit\u00e9 dans l\u2019organisation interne, d\u00e9j\u00e0 mis \u00e0 mal ces derni\u00e8res semaines. Sur le terrain, pourtant, les co\u00e9quipiers de Samuel Marques ont r\u00e9agi en s\u2019imposant face \u00e0 Brive lors de la derni\u00e8re journ\u00e9e.<\/p>\n","protected":false},"excerpt":{"rendered":"L&rsquo;ASBH a choisi d&rsquo;envoyer son \u00e9quipe \u00e0 Oyonnax le matin m\u00eame du match, suscitant l&rsquo;incompr\u00e9hension. Les supporters ont&hellip;\n","protected":false},"author":2,"featured_media":547626,"comment_status":"","ping_status":"","sticky":false,"template":"","format":"standard","meta":{"footnotes":""},"categories":[1416],"tags":[1011,27,479,1468,60],"class_list":{"0":"post-547625","1":"post","2":"type-post","3":"status-publish","4":"format-standard","5":"has-post-thumbnail","7":"category-rugby","8":"tag-fr","9":"tag-france","10":"tag-rugby","11":"tag-rugby-football","12":"tag-sports"},"share_on_mastodon":{"url":"https:\/\/pubeurope.com\/@fr\/115583983577092468","error":""},"_links":{"self":[{"href":"https:\/\/www.europesays.com\/fr\/wp-json\/wp\/v2\/posts\/547625","targetHints":{"allow":["GET"]}}],"collection":[{"href":"https:\/\/www.europesays.com\/fr\/wp-json\/wp\/v2\/posts"}],"about":[{"href":"https:\/\/www.europesays.com\/fr\/wp-json\/wp\/v2\/types\/post"}],"author":[{"embeddable":true,"href":"https:\/\/www.europesays.com\/fr\/wp-json\/wp\/v2\/users\/2"}],"replies":[{"embeddable":true,"href":"https:\/\/www.europesays.com\/fr\/wp-json\/wp\/v2\/comments?post=547625"}],"version-history":[{"count":0,"href":"https:\/\/www.europesays.com\/fr\/wp-json\/wp\/v2\/posts\/547625\/revisions"}],"wp:featuredmedia":[{"embeddable":true,"href":"https:\/\/www.europesays.com\/fr\/wp-json\/wp\/v2\/media\/547626"}],"wp:attachment":[{"href":"https:\/\/www.europesays.com\/fr\/wp-json\/wp\/v2\/media?parent=547625"}],"wp:term":[{"taxonomy":"category","embeddable":true,"href":"https:\/\/www.europesays.com\/fr\/wp-json\/wp\/v2\/categories?post=547625"},{"taxonomy":"post_tag","embeddable":true,"href":"https:\/\/www.europesays.com\/fr\/wp-json\/wp\/v2\/tags?post=547625"}],"curies":[{"name":"wp","href":"https:\/\/api.w.org\/{rel}","templated":true}]}}