{"id":547627,"date":"2025-11-20T20:46:15","date_gmt":"2025-11-20T20:46:15","guid":{"rendered":"https:\/\/www.europesays.com\/fr\/547627\/"},"modified":"2025-11-20T20:46:15","modified_gmt":"2025-11-20T20:46:15","slug":"atp-awards-vacherot-parmi-les-nommes-sports","status":"publish","type":"post","link":"https:\/\/www.europesays.com\/fr\/547627\/","title":{"rendered":"ATP Awards : Vacherot parmi les nomm\u00e9s : Sports"},"content":{"rendered":"<p class=\"date\">\n                                                            Aur\u00e9lien Canot, Media365, publi\u00e9 le jeudi 20 novembre 2025 \u00e0 18h52\n                                                    <\/p>\n<p>L&rsquo;ATP a d\u00e9voil\u00e9 ce jeudi la liste des nomm\u00e9s dans trois des cat\u00e9gories des ATP Awards pour l&rsquo;ann\u00e9e 2025. Le Mon\u00e9gasque Valentin Vacherot, l&rsquo;un des h\u00e9ros de la fin de saison avec ce sacre \u00e0 Shanghai, en fait partie en ce qui concerne la perc\u00e9e de l&rsquo;ann\u00e9e, un nouveau prix attribu\u00e9 par l&rsquo;instance.<\/p>\n<p>Il y avait la progression, il y avait \u00e9galement la r\u00e9v\u00e9lation. Voici maintenant la perc\u00e9e de l&rsquo;ann\u00e9e. Les prochains ATP AWards (pour 2025), traditionnelles r\u00e9compenses d\u00e9cern\u00e9es par l&rsquo;ATP pour r\u00e9compenser les joueurs et joueuses s&rsquo;\u00e9tant illustr\u00e9 au cours de la saison, seront marqu\u00e9s par l&rsquo;arriv\u00e9e de ce nouveau prix. Et Valentin Vacherot (27 ans) pourrait bien \u00eatre le premier \u00e0 inscrire son nom au palmar\u00e8s de cette nouvelle distinction.<\/p>\n<p>Et pour cause. Alors qu&rsquo;il \u00e9tait encore un parfait anonyme sur le circuit avant le d\u00e9but du tournoi et n&rsquo;apparaissait m\u00eame pas parmi les deux cents joueurs les mieux class\u00e9s dans la hi\u00e9rarchie, l&rsquo;ex-204e mondial propuls\u00e9 dans le Top 30 apr\u00e8s son sacre historique en Chine, avait crev\u00e9 l&rsquo;\u00e9cran et cr\u00e9\u00e9 l&rsquo;une des sensations de cette ann\u00e9e 2025 qui touche \u00e0 sa fin en remportant le Masters 1000 de Shanghai apr\u00e8s avoir dispos\u00e9 en finale de son cousin fran\u00e7ais Arthur Rinderknech.<\/p>\n<p>Vacherot, tout pr\u00e8s ensuite de faire chuter Taylor Fritz \u00e0 B\u00e2le avant de buter en quarts de finale \u00e0 Nanterre sur le futur finaliste Felix Auger-Aliassime, devra faire face \u00e0 la concurrence du Tch\u00e8que Jakub Mensik, du Br\u00e9silien Joao Fonseca et du Britannique Jack Draper, les trois autres nomm\u00e9s pour ce nouveau prix \u00ab\u00a0destin\u00e9 aux joueurs de la nouvelle g\u00e9n\u00e9ration et aux jeunes joueurs\u00a0\u00bb mais sans restriction d&rsquo;\u00e2ge n\u00e9anmoins.<\/p>\n<p>L&rsquo;entra\u00eeneur de Vacherot \u00e9galement r\u00e9compens\u00e9 ?<\/p>\n<p>Ce jeudi, l&rsquo;ATP n&rsquo;a pas uniquement d\u00e9voil\u00e9 les nomm\u00e9s pour la \u00ab\u00a0perc\u00e9e de l&rsquo;ann\u00e9e\u00a0\u00bb. L&rsquo;instance a \u00e9galement r\u00e9v\u00e9l\u00e9 les noms des quatre hommes qui concourront pour le troph\u00e9e de joueur le plus fair-play de l&rsquo;ann\u00e9e dans le cadre du prix Stefan Edberg (F\u00e9lix Auger-Aliassime, Carlos Alcaraz, Grigor Dimitrov et Casper Ruud) ainsi que les coachs susceptibles d&rsquo;\u00eatre \u00e9lus meilleur entra\u00eeneur de l&rsquo;ann\u00e9e.<\/p>\n<p>Benjamin Balleret, qui n&rsquo;est autre que le coach de Vacherot, fait partie de la deuxi\u00e8me cat\u00e9gorie, au m\u00eame titre notamment que les entra\u00eeneurs du num\u00e9ro 1 mondial Carlos Alcaraz (Juan Carlos Ferrero et Samuel Lopez), ceux de son rival et dauphin Jannik Sinner (Darren Cahill et Simone Vagnozzi) ou encore Fr\u00e9d\u00e9ric Fontang (Auger-Aliassime) et Bryan Shelton (Ben Shelton).<\/p>\n<p>Les nomm\u00e9s pour les autres prix seront d\u00e9voil\u00e9s ult\u00e9rieurement. Les laur\u00e9ats, eux, seront connus au cours de la traditionnelle semaine des r\u00e9compenses, qui d\u00e9butera le 8 d\u00e9cembre prochain.<\/p>\n","protected":false},"excerpt":{"rendered":"Aur\u00e9lien Canot, Media365, publi\u00e9 le jeudi 20 novembre 2025 \u00e0 18h52 L&rsquo;ATP a d\u00e9voil\u00e9 ce jeudi la liste&hellip;\n","protected":false},"author":2,"featured_media":547628,"comment_status":"","ping_status":"","sticky":false,"template":"","format":"standard","meta":{"footnotes":""},"categories":[1415],"tags":[1011,27,60,1467],"class_list":{"0":"post-547627","1":"post","2":"type-post","3":"status-publish","4":"format-standard","5":"has-post-thumbnail","7":"category-tennis","8":"tag-fr","9":"tag-france","10":"tag-sports","11":"tag-tennis"},"share_on_mastodon":{"url":"https:\/\/pubeurope.com\/@fr\/115583987440064094","error":""},"_links":{"self":[{"href":"https:\/\/www.europesays.com\/fr\/wp-json\/wp\/v2\/posts\/547627","targetHints":{"allow":["GET"]}}],"collection":[{"href":"https:\/\/www.europesays.com\/fr\/wp-json\/wp\/v2\/posts"}],"about":[{"href":"https:\/\/www.europesays.com\/fr\/wp-json\/wp\/v2\/types\/post"}],"author":[{"embeddable":true,"href":"https:\/\/www.europesays.com\/fr\/wp-json\/wp\/v2\/users\/2"}],"replies":[{"embeddable":true,"href":"https:\/\/www.europesays.com\/fr\/wp-json\/wp\/v2\/comments?post=547627"}],"version-history":[{"count":0,"href":"https:\/\/www.europesays.com\/fr\/wp-json\/wp\/v2\/posts\/547627\/revisions"}],"wp:featuredmedia":[{"embeddable":true,"href":"https:\/\/www.europesays.com\/fr\/wp-json\/wp\/v2\/media\/547628"}],"wp:attachment":[{"href":"https:\/\/www.europesays.com\/fr\/wp-json\/wp\/v2\/media?parent=547627"}],"wp:term":[{"taxonomy":"category","embeddable":true,"href":"https:\/\/www.europesays.com\/fr\/wp-json\/wp\/v2\/categories?post=547627"},{"taxonomy":"post_tag","embeddable":true,"href":"https:\/\/www.europesays.com\/fr\/wp-json\/wp\/v2\/tags?post=547627"}],"curies":[{"name":"wp","href":"https:\/\/api.w.org\/{rel}","templated":true}]}}