{"id":547629,"date":"2025-11-20T20:50:22","date_gmt":"2025-11-20T20:50:22","guid":{"rendered":"https:\/\/www.europesays.com\/fr\/547629\/"},"modified":"2025-11-20T20:50:22","modified_gmt":"2025-11-20T20:50:22","slug":"le-successeur-disrael-premier-tech-se-devoile-actualite","status":"publish","type":"post","link":"https:\/\/www.europesays.com\/fr\/547629\/","title":{"rendered":"Le successeur d&rsquo;Israel-Premier Tech se d\u00e9voile &#8211; Actualit\u00e9"},"content":{"rendered":"<p style=\"text-align: justify;\"><strong><a href=\"https:\/\/www.directvelo.com\/actualite\/125460\/premier-tech-devient-partenaire-d-une-equipe-francaise\" target=\"_blank\" rel=\"noopener\">Apr\u00e8s la retrait de Premier Tech<\/a><\/strong>, puis\u00a0<strong><a href=\"https:\/\/www.directvelo.com\/actualite\/124487\/israel-premier-tech-un-nouveau-chapitre-sans-mention-disrael\" target=\"_blank\" rel=\"noopener\">l&rsquo;abandon de Sylvan Adams \u00e0 la t\u00eate de la ProTeam<\/a><\/strong> alors nomm\u00e9e Israel-Premier Tech, la structure avait expliqu\u00e9 ouvrir un nouveau chapitre sous un autre nom et une nouvelle identit\u00e9. Ce jeudi soir, la nouvelle WorldTeam s&rsquo;est d\u00e9voil\u00e9e. Celle-ci s&rsquo;appellera NSN Cycling Team, avec une licence suisse mais sera bas\u00e9e en Espagne.<\/p>\n<p>NSN Cycling Team sera port\u00e9e par deux sponsors principaux. Never Say Never, soci\u00e9t\u00e9 internationale de sport et divertissement, et Stoneweg, plateforme d&rsquo;investissement mondiale bas\u00e9e \u00e0 Gen\u00e8ve. La Conti existera toujours et s&rsquo;appellera NSN Development Team.<\/p>\n<p>Kjell Carlstr\u00f6m, d\u00e9j\u00e0 dans la direction d&rsquo;Israel-Premier Tech, sera le directeur g\u00e9n\u00e9ral de NSN Cycling Team. \u00ab\u00a0Notre relation de longue date avec Stoneweg constitue le socle de ce nouveau partenariat et, ensemble, nous avons des objectifs ambitieux pour le prochain cycle WorldTour. C&rsquo;est un nouveau chapitre incroyablement stimulant pour l&rsquo;\u00e9quipe, et nous sommes impatients de faire nos d\u00e9buts sous le nom de NSN Cycling Team\u00a0\u00bb, d\u00e9clare le Finlandais dans un communiqu\u00e9.<\/p>\n<p>Pour l&rsquo;instant,\u00a0<strong><a href=\"https:\/\/www.directvelo.com\/equipe\/2356\/israel-premier-tech\" target=\"_blank\" rel=\"noopener\">25 coureurs sont sous contrat<\/a><\/strong> avant ce changement d&rsquo;identit\u00e9. Mais d&rsquo;autres coureurs devraient rejoindre l&rsquo;aventure, comme Biniam Girmay, \u00e9voqu\u00e9 par plusieurs m\u00e9dias.<\/p>\n","protected":false},"excerpt":{"rendered":"Apr\u00e8s la retrait de Premier Tech, puis\u00a0l&rsquo;abandon de Sylvan Adams \u00e0 la t\u00eate de la ProTeam alors nomm\u00e9e&hellip;\n","protected":false},"author":2,"featured_media":547630,"comment_status":"","ping_status":"","sticky":false,"template":"","format":"standard","meta":{"footnotes":""},"categories":[1411],"tags":[834,828,836,829,837,827,83,826,824,823,1154,207,814,817,815,816,822,821,832,211,839,1011,27,820,818,819,835,831,830,833,838,60,212,208,825],"class_list":{"0":"post-547629","1":"post","2":"type-post","3":"status-publish","4":"format-standard","5":"has-post-thumbnail","7":"category-cyclisme","8":"tag-attaque","9":"tag-belgique","10":"tag-braquet","11":"tag-bretagne","12":"tag-chute","13":"tag-competition","14":"tag-coupe-de-france","15":"tag-coureur","16":"tag-course-cyclisme","17":"tag-course-cycliste","18":"tag-cycling","19":"tag-cyclisme","20":"tag-direct","21":"tag-direct-velo","22":"tag-directvelo","23":"tag-directvelo-com","24":"tag-epreuve","25":"tag-epreuve-cycliste","26":"tag-federation-francaise-de-cyclisme","27":"tag-ffc","28":"tag-flandres","29":"tag-fr","30":"tag-france","31":"tag-live","32":"tag-live-course","33":"tag-live-epreuve","34":"tag-peloton","35":"tag-radio-peloton","36":"tag-radio-tour","37":"tag-ravitaillement","38":"tag-relance","39":"tag-sports","40":"tag-uci","41":"tag-velo","42":"tag-velos"},"share_on_mastodon":{"url":"https:\/\/pubeurope.com\/@fr\/115584003230752775","error":""},"_links":{"self":[{"href":"https:\/\/www.europesays.com\/fr\/wp-json\/wp\/v2\/posts\/547629","targetHints":{"allow":["GET"]}}],"collection":[{"href":"https:\/\/www.europesays.com\/fr\/wp-json\/wp\/v2\/posts"}],"about":[{"href":"https:\/\/www.europesays.com\/fr\/wp-json\/wp\/v2\/types\/post"}],"author":[{"embeddable":true,"href":"https:\/\/www.europesays.com\/fr\/wp-json\/wp\/v2\/users\/2"}],"replies":[{"embeddable":true,"href":"https:\/\/www.europesays.com\/fr\/wp-json\/wp\/v2\/comments?post=547629"}],"version-history":[{"count":0,"href":"https:\/\/www.europesays.com\/fr\/wp-json\/wp\/v2\/posts\/547629\/revisions"}],"wp:featuredmedia":[{"embeddable":true,"href":"https:\/\/www.europesays.com\/fr\/wp-json\/wp\/v2\/media\/547630"}],"wp:attachment":[{"href":"https:\/\/www.europesays.com\/fr\/wp-json\/wp\/v2\/media?parent=547629"}],"wp:term":[{"taxonomy":"category","embeddable":true,"href":"https:\/\/www.europesays.com\/fr\/wp-json\/wp\/v2\/categories?post=547629"},{"taxonomy":"post_tag","embeddable":true,"href":"https:\/\/www.europesays.com\/fr\/wp-json\/wp\/v2\/tags?post=547629"}],"curies":[{"name":"wp","href":"https:\/\/api.w.org\/{rel}","templated":true}]}}