{"id":547631,"date":"2025-11-20T20:51:12","date_gmt":"2025-11-20T20:51:12","guid":{"rendered":"https:\/\/www.europesays.com\/fr\/547631\/"},"modified":"2025-11-20T20:51:12","modified_gmt":"2025-11-20T20:51:12","slug":"la-diffusion-des-competitions-europeennes-en-france-bouclee-jusquen-2031","status":"publish","type":"post","link":"https:\/\/www.europesays.com\/fr\/547631\/","title":{"rendered":"La diffusion des comp\u00e9titions europ\u00e9ennes en France boucl\u00e9e jusqu&rsquo;en 2031 !"},"content":{"rendered":"<p><strong>C\u2019\u00e9tait la semaine pour finaliser les droits de la diffusion de la Ligue des Champions sur la p\u00e9riode 2027-2031 apr\u00e8s l\u2019appel d\u2019offres lanc\u00e9 par l\u2019UEFA le 13 octobre dernier. L\u2019Equipe\u00a0fait savoir que Canal+,\u00a0actuellement le diffuseur exclusif de la comp\u00e9tition en France, gardera la main dessus (comme la Ligue Europa et Ligue Europa Conf\u00e9rence).\u00a0<\/strong><\/p>\n<p>\u00ab\u00a0Si on ne conna\u00eet pas encore le montant du nouveau contrat global, il serait l\u00e9g\u00e8rement inf\u00e9rieur \u00e0 celui en cours.\u00a0\u00bb<\/p>\n<blockquote>\n<p>\u00ab\u00a0Selon nos informations, \u00e0 l\u2019issue du deuxi\u00e8me tour d\u2019ench\u00e8res de l\u2019appel d\u2019offres organis\u00e9 ce jeudi pour le cycle 2027-2031, la cha\u00eene crypt\u00e9e est parvenue \u00e0 conserver la totalit\u00e9 de la Ligue des champions, dont les deux meilleures affiches : celle du mardi et celle du mercredi, ainsi que la finale de la comp\u00e9tition (qui doit aussi b\u00e9n\u00e9ficier d\u2019une diffusion en clair).<\/p>\n<p>Mais aussi toutes les autres rencontres, la Youth League, des magazines, des r\u00e9sum\u00e9s des matches et des extraits sur les r\u00e9seaux sociaux. Face \u00e0 lui, le groupe Canal+ aurait eu au moins un nouvel acteur, Paramount, mais aussi son partenaire de distribution beIN Sports.<\/p>\n<p>Ce n\u2019est pas tout puisque la cha\u00eene crypt\u00e9e conserve l\u2019int\u00e9gralit\u00e9 des deux autres Coupes d\u2019Europe : la Ligue Europa et la Ligue Conf\u00e9rence. Si on ne conna\u00eet pas encore le montant du nouveau contrat global, il serait l\u00e9g\u00e8rement inf\u00e9rieur \u00e0 celui en cours (480 millions d\u2019euros par saison).\u00a0\u00bb<\/p>\n<\/blockquote>\n<p>Chacun pourra se ravir ou \u00eatre \u00eatre d\u00e9\u00e7u, possiblement en fonction de l\u2019abonnement en cours ou pr\u00e9vu, mais tous les m\u00e9dias sont d\u2019accord sur cette issue. Alors Canal+ restera le diffuseur des comp\u00e9titions europ\u00e9ennes en France pour un long moment encore. Cela semble mieux qu\u2019un partage qui pousserait \u00e0 cumuler les abonnements.<\/p>\n<p>On esp\u00e8re surtout une couverture r\u00e9ussie, avec des analyses int\u00e9ressantes, ainsi qu\u2019un prix relativement accessible pour suivre le football. Avec les clubs qui s\u2019y retrouvent bien, notamment en France. Le fait que le montant diminue ne semble pas \u00eatre une bonne nouvelle pour eux.<\/p>\n<p>\t\t\t\t\t\t\t\t\t\t\t\t\t\t\t\t\t\t\t\t\t\t\t<img loading=\"lazy\" src=\"https:\/\/www.europesays.com\/fr\/wp-content\/uploads\/2025\/04\/ParisFans_Logo.png\" decoding=\"async\" class=\"lazyload\" width=\"240\" height=\"54\" data-eio-rwidth=\"240\" data-eio-rheight=\"54\"\/><\/p>\n","protected":false},"excerpt":{"rendered":"C\u2019\u00e9tait la semaine pour finaliser les droits de la diffusion de la Ligue des Champions sur la p\u00e9riode&hellip;\n","protected":false},"author":2,"featured_media":547632,"comment_status":"","ping_status":"","sticky":false,"template":"","format":"standard","meta":{"footnotes":""},"categories":[1410],"tags":[17011,63,1011,27,447,60,96],"class_list":{"0":"post-547631","1":"post","2":"type-post","3":"status-publish","4":"format-standard","5":"has-post-thumbnail","7":"category-football","8":"tag-diffusion","9":"tag-football","10":"tag-fr","11":"tag-france","12":"tag-ligue-des-champions","13":"tag-sports","14":"tag-une"},"share_on_mastodon":{"url":"https:\/\/pubeurope.com\/@fr\/115584008139482724","error":""},"_links":{"self":[{"href":"https:\/\/www.europesays.com\/fr\/wp-json\/wp\/v2\/posts\/547631","targetHints":{"allow":["GET"]}}],"collection":[{"href":"https:\/\/www.europesays.com\/fr\/wp-json\/wp\/v2\/posts"}],"about":[{"href":"https:\/\/www.europesays.com\/fr\/wp-json\/wp\/v2\/types\/post"}],"author":[{"embeddable":true,"href":"https:\/\/www.europesays.com\/fr\/wp-json\/wp\/v2\/users\/2"}],"replies":[{"embeddable":true,"href":"https:\/\/www.europesays.com\/fr\/wp-json\/wp\/v2\/comments?post=547631"}],"version-history":[{"count":0,"href":"https:\/\/www.europesays.com\/fr\/wp-json\/wp\/v2\/posts\/547631\/revisions"}],"wp:featuredmedia":[{"embeddable":true,"href":"https:\/\/www.europesays.com\/fr\/wp-json\/wp\/v2\/media\/547632"}],"wp:attachment":[{"href":"https:\/\/www.europesays.com\/fr\/wp-json\/wp\/v2\/media?parent=547631"}],"wp:term":[{"taxonomy":"category","embeddable":true,"href":"https:\/\/www.europesays.com\/fr\/wp-json\/wp\/v2\/categories?post=547631"},{"taxonomy":"post_tag","embeddable":true,"href":"https:\/\/www.europesays.com\/fr\/wp-json\/wp\/v2\/tags?post=547631"}],"curies":[{"name":"wp","href":"https:\/\/api.w.org\/{rel}","templated":true}]}}