{"id":547633,"date":"2025-11-20T20:52:11","date_gmt":"2025-11-20T20:52:11","guid":{"rendered":"https:\/\/www.europesays.com\/fr\/547633\/"},"modified":"2025-11-20T20:52:11","modified_gmt":"2025-11-20T20:52:11","slug":"autour-de-jean-paul-guerlain-une-ambiance-plus-irrespirable-que-jamais","status":"publish","type":"post","link":"https:\/\/www.europesays.com\/fr\/547633\/","title":{"rendered":"Autour de Jean-Paul Guerlain, une ambiance plus irrespirable que jamais"},"content":{"rendered":"\n<p>\u00ab\u00a0\u00c7a me fait tellement mal au c\u0153ur de voir Jean-Paul comme \u00e7a\u2026 Je suis la seule t\u00e9moin qui ose d\u00e9noncer ce qu\u2019il vit, et tout est fait pour m\u2019an\u00e9antir.\u00a0\u00bb En cette grise journ\u00e9e de novembre, Christina Kragh Michelsen, la compagne de Jean-Paul Guerlain, nous re\u00e7oit \u00e0 La Vall\u00e9e, propri\u00e9t\u00e9 de la famille de parfumeurs depuis la fin du XIXe\u00a0si\u00e8cle. La splendide demeure de 700 m\u00e8tres carr\u00e9s au style n\u00e9onormand est nich\u00e9e dans le village yvelinois des Mesnuls, pr\u00e8s de la for\u00eat de Rambouillet. Le domaine compte plusieurs b\u00e2tisses, un parc, des \u00e9curies, et parmi ses voisins, le photographe Yann Arthus Bertrand. Un magnifique d\u00e9cor\u2026 o\u00f9 se trame une histoire moins jolie, une v\u00e9ritable guerre froide autour d\u2019un vieil homme de 88\u00a0ans affaibli, atteint de d\u00e9mence.<\/p>\n","protected":false},"excerpt":{"rendered":"\u00ab\u00a0\u00c7a me fait tellement mal au c\u0153ur de voir Jean-Paul comme \u00e7a\u2026 Je suis la seule t\u00e9moin qui&hellip;\n","protected":false},"author":2,"featured_media":547634,"comment_status":"","ping_status":"","sticky":false,"template":"","format":"standard","meta":{"footnotes":""},"categories":[1359],"tags":[58,59,1011,27,7484,973],"class_list":{"0":"post-547633","1":"post","2":"type-post","3":"status-publish","4":"format-standard","5":"has-post-thumbnail","7":"category-people","8":"tag-divertissement","9":"tag-entertainment","10":"tag-fr","11":"tag-france","12":"tag-lvmh","13":"tag-people"},"share_on_mastodon":{"url":"https:\/\/pubeurope.com\/@fr\/115584011135661115","error":""},"_links":{"self":[{"href":"https:\/\/www.europesays.com\/fr\/wp-json\/wp\/v2\/posts\/547633","targetHints":{"allow":["GET"]}}],"collection":[{"href":"https:\/\/www.europesays.com\/fr\/wp-json\/wp\/v2\/posts"}],"about":[{"href":"https:\/\/www.europesays.com\/fr\/wp-json\/wp\/v2\/types\/post"}],"author":[{"embeddable":true,"href":"https:\/\/www.europesays.com\/fr\/wp-json\/wp\/v2\/users\/2"}],"replies":[{"embeddable":true,"href":"https:\/\/www.europesays.com\/fr\/wp-json\/wp\/v2\/comments?post=547633"}],"version-history":[{"count":0,"href":"https:\/\/www.europesays.com\/fr\/wp-json\/wp\/v2\/posts\/547633\/revisions"}],"wp:featuredmedia":[{"embeddable":true,"href":"https:\/\/www.europesays.com\/fr\/wp-json\/wp\/v2\/media\/547634"}],"wp:attachment":[{"href":"https:\/\/www.europesays.com\/fr\/wp-json\/wp\/v2\/media?parent=547633"}],"wp:term":[{"taxonomy":"category","embeddable":true,"href":"https:\/\/www.europesays.com\/fr\/wp-json\/wp\/v2\/categories?post=547633"},{"taxonomy":"post_tag","embeddable":true,"href":"https:\/\/www.europesays.com\/fr\/wp-json\/wp\/v2\/tags?post=547633"}],"curies":[{"name":"wp","href":"https:\/\/api.w.org\/{rel}","templated":true}]}}