{"id":547635,"date":"2025-11-20T20:53:21","date_gmt":"2025-11-20T20:53:21","guid":{"rendered":"https:\/\/www.europesays.com\/fr\/547635\/"},"modified":"2025-11-20T20:53:21","modified_gmt":"2025-11-20T20:53:21","slug":"visionnaire-et-perfectionniste-edward-weston-le-photographe-qui-savait-magnifier-le-banal","status":"publish","type":"post","link":"https:\/\/www.europesays.com\/fr\/547635\/","title":{"rendered":"Visionnaire et perfectionniste, Edward Weston, le photographe qui savait magnifier le banal"},"content":{"rendered":"<p>\n    Le grand photographe am\u00e9ricain fait l\u2019objet d\u2019une superbe r\u00e9trospective \u00e0 la MEP. L\u2019occasion de se pencher sur le parcours d\u2019un moderniste qui pouvait transformer le moindre l\u00e9gume en \u0153uvre d\u2019art.<\/p>\n<p class=\"fig-paragraph\">Comment la libert\u00e9 vient-elle \u00e0 l\u2019artiste\u00a0? Comment le sage fils d\u2019un m\u00e9decin et d\u2019une actrice shakespearienne, n\u00e9 en 1886 dans la banlieue de Chicago, deviendra-t-il ce photographe de la modernit\u00e9 la plus aboutie\u00a0? Capable de sublimer deux poivrons comme deux corps enlac\u00e9s. De faire de la fa\u00efence blanche des toilettes un tr\u00f4ne immacul\u00e9 et un hommage invers\u00e9 \u00e0 la Fontaine de\u00a0<a href=\"https:\/\/www.lefigaro.fr\/histoire\/archives\/2018\/10\/01\/26010-20181001ARTFIG00274-connaissez-vous-marcel-duchamp-le-pere-de-l-art-contemporain.php\" data-fig-type=\"Article\" data-gtm-custom-categorie=\"navigation\" data-gtm-custom-action=\"crossclick\" data-gtm-custom-label=\"Contextuel\" data-gtm-event=\"customEventSPE\" data-fig-domain=\"LEFIGARO\" target=\"_blank\" rel=\"noopener\">Marcel Duchamp\u00a0<\/a>(Toilette, 1926). De donner \u00e0 deux coquillages imbriqu\u00e9s la volupt\u00e9 d\u2019un embrassement. De faire sentir la chaleur du soleil californien et la douceur parfaite du moment, par le velout\u00e9 d\u2019un nu chaste sur le pas d\u2019une porte que l\u2019ombre dessine comme une abstraction (son ic\u00f4ne, Charis, Santa Monica (Nude in doorway), 1936).\u00a0<a href=\"http:\/\/www.lefigaro.fr\/arts-expositions\/exposition-bob-marley-dans-l-oeil-du-photographe-dennis-morris-20250212\" data-fig-type=\"Article\" data-gtm-custom-categorie=\"navigation\" data-gtm-custom-action=\"crossclick\" data-gtm-custom-label=\"Contextuel\" data-gtm-event=\"customEventSPE\" data-fig-domain=\"LEFIGARO\" target=\"_blank\" rel=\"noopener\">La MEP (Maison europ\u00e9enne de la photographie)<\/a>\u00a0offre un moment de pure beaut\u00e9 avec \u00ab\u00a0Edward Weston. Modernit\u00e9 r\u00e9v\u00e9l\u00e9e\u00a0\u00bb, une exposition qui coupe souvent le souffle par sa r\u00e9union de vintages (tirages d\u2019\u00e9poque) et qui consacre l\u2019art et le moment.<\/p>\n<p class=\"fig-paragraph\">Il y a l\u00e0 l\u2019obsession du\u2026<\/p>\n<p class=\"fig-premium-paywall__infos\">\n        Cet article est r\u00e9serv\u00e9 aux abonn\u00e9s.        Il vous reste 82% \u00e0 d\u00e9couvrir.\n    <\/p>\n<p>                <img  data- alt=\"Le Figaro\" class=\"fig-img--complete fig-img\"\/><\/p>\n<p class=\"fig-premium-paywall__title\">Black Friday<\/p>\n<p class=\"fig-premium-paywall__subtitle\">-70% sur l&rsquo;abonnement num\u00e9rique<\/p>\n<p class=\"fig-premium-paywall__connect\">\n                D\u00e9j\u00e0 abonn\u00e9\u00a0?                <a class=\"fig-premium-paywall__connect-link\" href=\"https:\/\/connect.lefigaro.fr\/login?client=horizon_web&amp;type=main&amp;redirect_uri=https%3A%2F%2Fwww.lefigaro.fr%2Farts-expositions%2Fvisionnaire-et-perfectionniste-edward-weston-le-photographe-qui-savait-magnifier-le-banal-20251120\" data-js-gtm=\"{&quot;customCategorie&quot;: &quot;conversion&quot;, &quot;customAction&quot;: &quot;before_Landing_Connexion_paywall_auto&quot;, &quot;customLabel&quot;: &quot;bGVmaWdhcm8uZnJfXzFmMGJkNTI5LWNkNWUtNmI1ZS04ZDE5LWFkM2Q1OGRiOGIwZl9fQXJ0aWNsZQ==_Visionnaire et perfectionniste, Edward Weston, le photographe qui savait magnifier le banal_23&quot;, &quot;customIDSPE&quot;: &quot;bGVmaWdhcm8uZnJfXzFmMGJkNTI5LWNkNWUtNmI1ZS04ZDE5LWFkM2Q1OGRiOGIwZl9fQXJ0aWNsZQ==&quot;, &quot;event&quot;: &quot;customEventSPE&quot;}\" target=\"_blank\" rel=\"noopener\"><br \/>\n                    Connectez-vous<br \/>\n                <\/a>\n            <\/p>\n","protected":false},"excerpt":{"rendered":"Le grand photographe am\u00e9ricain fait l\u2019objet d\u2019une superbe r\u00e9trospective \u00e0 la MEP. L\u2019occasion de se pencher sur le&hellip;\n","protected":false},"author":2,"featured_media":547636,"comment_status":"","ping_status":"","sticky":false,"template":"","format":"standard","meta":{"footnotes":""},"categories":[1358],"tags":[1348,1384,1385,1386,58,59,73,1011,27,1677,26725,5697,1756],"class_list":{"0":"post-547635","1":"post","2":"type-post","3":"status-publish","4":"format-standard","5":"has-post-thumbnail","7":"category-arts-et-design","8":"tag-arts","9":"tag-arts-and-design","10":"tag-arts-et-design","11":"tag-design","12":"tag-divertissement","13":"tag-entertainment","14":"tag-etats-unis","15":"tag-fr","16":"tag-france","17":"tag-james-bond","18":"tag-les-grands-maitres-de-la-photographie","19":"tag-mexique","20":"tag-photographie"},"share_on_mastodon":{"url":"https:\/\/pubeurope.com\/@fr\/115584014924671829","error":""},"_links":{"self":[{"href":"https:\/\/www.europesays.com\/fr\/wp-json\/wp\/v2\/posts\/547635","targetHints":{"allow":["GET"]}}],"collection":[{"href":"https:\/\/www.europesays.com\/fr\/wp-json\/wp\/v2\/posts"}],"about":[{"href":"https:\/\/www.europesays.com\/fr\/wp-json\/wp\/v2\/types\/post"}],"author":[{"embeddable":true,"href":"https:\/\/www.europesays.com\/fr\/wp-json\/wp\/v2\/users\/2"}],"replies":[{"embeddable":true,"href":"https:\/\/www.europesays.com\/fr\/wp-json\/wp\/v2\/comments?post=547635"}],"version-history":[{"count":0,"href":"https:\/\/www.europesays.com\/fr\/wp-json\/wp\/v2\/posts\/547635\/revisions"}],"wp:featuredmedia":[{"embeddable":true,"href":"https:\/\/www.europesays.com\/fr\/wp-json\/wp\/v2\/media\/547636"}],"wp:attachment":[{"href":"https:\/\/www.europesays.com\/fr\/wp-json\/wp\/v2\/media?parent=547635"}],"wp:term":[{"taxonomy":"category","embeddable":true,"href":"https:\/\/www.europesays.com\/fr\/wp-json\/wp\/v2\/categories?post=547635"},{"taxonomy":"post_tag","embeddable":true,"href":"https:\/\/www.europesays.com\/fr\/wp-json\/wp\/v2\/tags?post=547635"}],"curies":[{"name":"wp","href":"https:\/\/api.w.org\/{rel}","templated":true}]}}