{"id":547647,"date":"2025-11-20T21:00:15","date_gmt":"2025-11-20T21:00:15","guid":{"rendered":"https:\/\/www.europesays.com\/fr\/547647\/"},"modified":"2025-11-20T21:00:15","modified_gmt":"2025-11-20T21:00:15","slug":"savez-vous-que-ces-deux-candidates-ont-des-liens-de-parente-avec-des-icones-du-cinema","status":"publish","type":"post","link":"https:\/\/www.europesays.com\/fr\/547647\/","title":{"rendered":"Savez-vous que ces deux candidates ont des liens de parent\u00e9 avec des ic\u00f4nes du cin\u00e9ma\u00a0?"},"content":{"rendered":"<p>Deux pr\u00e9tendantes \u00e0 <a href=\"https:\/\/www.20minutes.fr\/diaporama\/diaporama-4174461-images-miss-france-2026-premieres-candidates-lice-succeder-angelique-angarni-filopon\" class=\"c-link c-link--is-underlined\" target=\"_blank\" rel=\"noopener\">la couronne de Miss France<\/a> ont d\u00e9j\u00e0 un pied, disons un orteil, dans le monde du show-business. Et il n\u2019est pas question d\u2019une quelconque notori\u00e9t\u00e9 acquise au fil des \u00e9lections d\u00e9partementale et r\u00e9gionale, mais de liens de parent\u00e9 avec des personnalit\u00e9s connues mondialement. Des monstres du cin\u00e9ma. <a href=\"https:\/\/www.20minutes.fr\/dossier\/hollywood?page=5\" class=\"c-link c-link--is-underlined\" target=\"_blank\" rel=\"noopener\">Des ic\u00f4nes hollywoodiennes<\/a>. Rien que \u00e7a.<\/p>\n<\/p>\n<p>C\u2019est en tout cas ce qu\u2019ont d\u00e9clar\u00e9 les deux principales int\u00e9ress\u00e9es. La premi\u00e8re, Mareva Michel, d\u2019abord \u00e9lue Miss Yvelines avant d\u2019\u00eatre sacr\u00e9e Miss Ile-de-France, le d\u00e9voile dans un portrait esquiss\u00e9 par le site <a href=\"https:\/\/actu.fr\/ile-de-france\/le-chesnay-rocquencourt_78158\/etre-miss-cest-etre-un-exemple-qui-est-mareva-michel-miss-yvelines-2025_62685354.html\" rel=\"nofollow noopener\" target=\"_blank\" class=\"c-link c-link--is-underlined\">78 actu<\/a> \u00e0 l\u2019issue de son \u00e9lection d\u00e9partementale, en mai\u00a02025. Elle y confie que le choix de son pr\u00e9nom est li\u00e9 \u00e0 Mareva Georges et \u00e0 <a href=\"https:\/\/www.20minutes.fr\/television\/miss_france\/diaporama-4128103-miss-france-elles-devenues\" class=\"c-link c-link--is-underlined\" target=\"_blank\" rel=\"noopener\">Mareva Galanter<\/a>, sacr\u00e9es Miss France en\u00a01991 et\u00a01999 respectivement. Ajoutant\u00a0: \u00ab\u00a0J\u2019esp\u00e8re devenir la troisi\u00e8me Mareva Miss France.\u00a0\u00bb<\/p>\n<p>La petite-cousine d\u2019un r\u00e9alisateur c\u00e9l\u00e8bre<\/p>\n<p>Une r\u00e9f\u00e9rence qui n\u2019est pas le fait du hasard si l\u2019on consid\u00e8re qu\u2019elle n\u2019est pas la premi\u00e8re de la famille \u00e0 avoir remport\u00e9 un concours de beaut\u00e9. \u00ab\u00a0Ma m\u00e8re et ma tante ont remport\u00e9 toutes les deux des concours. Pour moi, on a attendu le bon \u00e2ge, 21 ans, pour que je puisse tenter ma chance \u00e0 mon tour et m\u2019inscrire en visant Miss France.\u00a0\u00bb, se r\u00e9jouissait d\u00e9j\u00e0 celle qui a depuis \u00e9t\u00e9 sacr\u00e9e Miss Ile-de-France.<\/p>\n<p>La m\u00e8re de la jeune franco-mexicaine, justement, porte un patronyme qui est loin d\u2019\u00eatre inconnu. Estela del Toro serait la cousine directe de <a href=\"https:\/\/www.20minutes.fr\/arts-stars\/cinema\/4182929-20251107-frankenstein-film-autobiographique-guillermo-del-toro\" class=\"c-link c-link--is-underlined\" target=\"_blank\" rel=\"noopener\">Guillermo del Toro<\/a>, le c\u00e9l\u00e8bre r\u00e9alisateur et sc\u00e9nariste \u00e0 qui l\u2019on doit Hellboy, Le Labyrinthe de Pan et plus r\u00e9cemment Frankenstein. Une information que la jeune femme n\u2019a pas confirm\u00e9e depuis, mais qui devrait devenir rapidement virale si elle est \u00e9lue Miss France 2026.<\/p>\n<p>Une cousine \u00e9loign\u00e9e de Rita Hayworth<\/p>\n<p>Mais cette ann\u00e9e, le concours Miss France semble \u00eatre plac\u00e9 sous le signe du cin\u00e9ma. Mareva Michel n\u2019est pas la seule \u00e0 conna\u00eetre du beau monde \u00e0 Hollywood. A\u00efnhoa Lahitete, Miss Aquitaine, a \u00e9galement un lien de parent\u00e9 avec une c\u00e9l\u00e8bre actrice am\u00e9ricaine. Dans une interview accord\u00e9e \u00e0 Paris Match, d\u00e9but novembre, la jeune femme \u00e9voque son enfance au Pays-Basque et sa passion pour le rugby, r\u00e9v\u00e8le sa chanson et sa s\u00e9rie pr\u00e9f\u00e9r\u00e9es (God is a woman d\u2019Ariana Grande et <a href=\"https:\/\/www.20minutes.fr\/arts-stars\/people\/4159593-20250622-glenn-close-billy-porter-casting-prochain-hunger-games\" class=\"c-link c-link--is-underlined\" target=\"_blank\" rel=\"noopener\">Hunger Games<\/a>), et fait part d\u2019une anecdote pour le moins \u00e9tonnante.<\/p>\n<p><a href=\"https:\/\/www.20minutes.fr\/arts-stars\/television\/miss_france\/\" class=\"c-link c-btn c-btn--primary\" target=\"_blank\" rel=\"noopener\">Toutes les actualit\u00e9s Miss France 2026<\/a><\/p>\n<p>\u00ab\u00a0Du c\u00f4t\u00e9 de ma m\u00e8re, je suis apparent\u00e9e \u00e0 l\u2019actrice hollywoodienne Rita Hayworth, qui s\u2019appelait r\u00e9ellement Margarita Cansino, originaire de S\u00e9ville, en Andalousie. Nous sommes des cousines \u00e9loign\u00e9es\u00a0!\u00a0\u00bb, confie-t-elle. Ne reste plus qu\u2019\u00e0 attendre le 6\u00a0d\u00e9cembre, jour de la tant attendue \u00e9lection, pour voir si l\u2019une ou autre marchera dans les pas de l\u2019un de ces a\u00een\u00e9s.<\/p>\n","protected":false},"excerpt":{"rendered":"Deux pr\u00e9tendantes \u00e0 la couronne de Miss France ont d\u00e9j\u00e0 un pied, disons un orteil, dans le monde&hellip;\n","protected":false},"author":2,"featured_media":547648,"comment_status":"","ping_status":"","sticky":false,"template":"","format":"standard","meta":{"footnotes":""},"categories":[8],"tags":[2424,650,58,4739,59,1011,27,47639,3034,973,502,252],"class_list":{"0":"post-547647","1":"post","2":"type-post","3":"status-publish","4":"format-standard","5":"has-post-thumbnail","7":"category-divertissement","8":"tag-beaute","9":"tag-cinema","10":"tag-divertissement","11":"tag-emission-de-television","12":"tag-entertainment","13":"tag-fr","14":"tag-france","15":"tag-guillermo-del-toro","16":"tag-miss-france","17":"tag-people","18":"tag-programme-tv","19":"tag-television"},"share_on_mastodon":{"url":"https:\/\/pubeurope.com\/@fr\/115584042629685110","error":""},"_links":{"self":[{"href":"https:\/\/www.europesays.com\/fr\/wp-json\/wp\/v2\/posts\/547647","targetHints":{"allow":["GET"]}}],"collection":[{"href":"https:\/\/www.europesays.com\/fr\/wp-json\/wp\/v2\/posts"}],"about":[{"href":"https:\/\/www.europesays.com\/fr\/wp-json\/wp\/v2\/types\/post"}],"author":[{"embeddable":true,"href":"https:\/\/www.europesays.com\/fr\/wp-json\/wp\/v2\/users\/2"}],"replies":[{"embeddable":true,"href":"https:\/\/www.europesays.com\/fr\/wp-json\/wp\/v2\/comments?post=547647"}],"version-history":[{"count":0,"href":"https:\/\/www.europesays.com\/fr\/wp-json\/wp\/v2\/posts\/547647\/revisions"}],"wp:featuredmedia":[{"embeddable":true,"href":"https:\/\/www.europesays.com\/fr\/wp-json\/wp\/v2\/media\/547648"}],"wp:attachment":[{"href":"https:\/\/www.europesays.com\/fr\/wp-json\/wp\/v2\/media?parent=547647"}],"wp:term":[{"taxonomy":"category","embeddable":true,"href":"https:\/\/www.europesays.com\/fr\/wp-json\/wp\/v2\/categories?post=547647"},{"taxonomy":"post_tag","embeddable":true,"href":"https:\/\/www.europesays.com\/fr\/wp-json\/wp\/v2\/tags?post=547647"}],"curies":[{"name":"wp","href":"https:\/\/api.w.org\/{rel}","templated":true}]}}