{"id":547651,"date":"2025-11-20T21:02:16","date_gmt":"2025-11-20T21:02:16","guid":{"rendered":"https:\/\/www.europesays.com\/fr\/547651\/"},"modified":"2025-11-20T21:02:16","modified_gmt":"2025-11-20T21:02:16","slug":"alinea-fragilise-par-la-crise-de-limmobilier-et-lessor-du-site-chinois-temu-est-place-en-redressement-judiciaire","status":"publish","type":"post","link":"https:\/\/www.europesays.com\/fr\/547651\/","title":{"rendered":"Alin\u00e9a, fragilis\u00e9 par la crise de l\u2019immobilier et l\u2019essor du site chinois Temu, est plac\u00e9 en redressement judiciaire"},"content":{"rendered":"<p>                     <img loading=\"lazy\" decoding=\"async\" src=\"https:\/\/www.europesays.com\/fr\/wp-content\/uploads\/2025\/11\/245ee57_upload-1-lr3yqp0g8g2m-000-1wk917.jpg\" alt=\"Devant un magasin Alin\u00e9a, \u00e0 La M\u00e9zi\u00e8re (Ille-et-Vilaine), le 18\u00a0ao\u00fbt\u00a02020.\"   width=\"664\" height=\"443\"\/>    Devant un magasin Alin\u00e9a, \u00e0 La M\u00e9zi\u00e8re (Ille-et-Vilaine), le 18\u00a0ao\u00fbt\u00a02020.  DAMIEN MEYER\/AFP                 <\/p>\n<p class=\"article__paragraph  \">Alin\u00e9a traverse une mauvaise passe. Une nouvelle fois. L\u2019enseigne fran\u00e7aise d\u2019ameublement fond\u00e9e en\u00a01989\u00a0a \u00e9t\u00e9 plac\u00e9e en redressement judiciaire par le tribunal de commerce d\u2019Aix-en-Provence, jeudi 20\u00a0novembre.\u00a0La soci\u00e9t\u00e9, dont le si\u00e8ge social est situ\u00e9 \u00e0 Aubagne (Bouches-du-Rh\u00f4ne), entre dans une p\u00e9riode d\u2019observation pour six mois, plongeant ses 1\u00a0200\u00a0salari\u00e9s dans l\u2019inqui\u00e9tude.<\/p>\n<p class=\"article__paragraph  \">Filiale de N\u00e9omarch\u00e9, soci\u00e9t\u00e9 d\u00e9tenue par la famille Mulliez, la cha\u00eene avait d\u00e9j\u00e0 \u00e9t\u00e9 plac\u00e9e en redressement judiciaire en\u00a02020. Au terme de cette proc\u00e9dure, Alexis Mulliez, son ancien PDG, avait repris Alin\u00e9a \u00e0 la barre du tribunal, toujours avec l\u2019appui de l\u2019Association familiale Mulliez (AFM). Depuis, a \u00e9t\u00e9 d\u00e9ploy\u00e9 un plan de relance cens\u00e9 augmenter la taille critique du distributeur, d\u00e9velopper son offre de produits fabriqu\u00e9s en Europe et mieux le positionner sur un segment alternatif \u00e0 Ikea, leader incontest\u00e9 du march\u00e9 de l\u2019ameublement en France.<\/p>\n<p class=\"article__paragraph  \">En\u00a02023, Alin\u00e9a a int\u00e9gr\u00e9 la cha\u00eene de magasins Zodio, d\u00e9tenue alors par Adeo, structure de t\u00eate de Leroy-Merlin, autre distributeur d\u00e9tenu par l\u2019AFM. L\u2019ensemble de ses points de vente ont bascul\u00e9 sous l\u2019enseigne Alin\u00e9a en\u00a02024, portant \u00e0 36\u00a0unit\u00e9s son r\u00e9seau en France et renfor\u00e7ant sa puissance d\u2019achat. Mais la soci\u00e9t\u00e9 n\u2019est pas parvenue \u00e0 sortir du rouge\u00a0: en\u00a02024, ses pertes d\u2019exploitation ont atteint 54\u00a0millions d\u2019euros, pour un chiffre d\u2019affaires de 162\u00a0millions d\u2019euros.<\/p>\n<p class=\"reading-mode-only \"><strong>Il vous reste 57.28% de cet article \u00e0 lire. La suite est r\u00e9serv\u00e9e aux abonn\u00e9s.<\/strong><\/p>\n","protected":false},"excerpt":{"rendered":"Devant un magasin Alin\u00e9a, \u00e0 La M\u00e9zi\u00e8re (Ille-et-Vilaine), le 18\u00a0ao\u00fbt\u00a02020. DAMIEN MEYER\/AFP Alin\u00e9a traverse une mauvaise passe. Une&hellip;\n","protected":false},"author":2,"featured_media":547652,"comment_status":"","ping_status":"","sticky":false,"template":"","format":"standard","meta":{"footnotes":""},"categories":[6],"tags":[35,33,34,1011,27],"class_list":{"0":"post-547651","1":"post","2":"type-post","3":"status-publish","4":"format-standard","5":"has-post-thumbnail","7":"category-economie","8":"tag-business","9":"tag-economie","10":"tag-economy","11":"tag-fr","12":"tag-france"},"share_on_mastodon":{"url":"https:\/\/pubeurope.com\/@fr\/115584051330215664","error":""},"_links":{"self":[{"href":"https:\/\/www.europesays.com\/fr\/wp-json\/wp\/v2\/posts\/547651","targetHints":{"allow":["GET"]}}],"collection":[{"href":"https:\/\/www.europesays.com\/fr\/wp-json\/wp\/v2\/posts"}],"about":[{"href":"https:\/\/www.europesays.com\/fr\/wp-json\/wp\/v2\/types\/post"}],"author":[{"embeddable":true,"href":"https:\/\/www.europesays.com\/fr\/wp-json\/wp\/v2\/users\/2"}],"replies":[{"embeddable":true,"href":"https:\/\/www.europesays.com\/fr\/wp-json\/wp\/v2\/comments?post=547651"}],"version-history":[{"count":0,"href":"https:\/\/www.europesays.com\/fr\/wp-json\/wp\/v2\/posts\/547651\/revisions"}],"wp:featuredmedia":[{"embeddable":true,"href":"https:\/\/www.europesays.com\/fr\/wp-json\/wp\/v2\/media\/547652"}],"wp:attachment":[{"href":"https:\/\/www.europesays.com\/fr\/wp-json\/wp\/v2\/media?parent=547651"}],"wp:term":[{"taxonomy":"category","embeddable":true,"href":"https:\/\/www.europesays.com\/fr\/wp-json\/wp\/v2\/categories?post=547651"},{"taxonomy":"post_tag","embeddable":true,"href":"https:\/\/www.europesays.com\/fr\/wp-json\/wp\/v2\/tags?post=547651"}],"curies":[{"name":"wp","href":"https:\/\/api.w.org\/{rel}","templated":true}]}}