{"id":547655,"date":"2025-11-20T21:04:13","date_gmt":"2025-11-20T21:04:13","guid":{"rendered":"https:\/\/www.europesays.com\/fr\/547655\/"},"modified":"2025-11-20T21:04:13","modified_gmt":"2025-11-20T21:04:13","slug":"eric-dupond-moretti-sattaque-a-louis-sarkozy-dans-c-a-vous","status":"publish","type":"post","link":"https:\/\/www.europesays.com\/fr\/547655\/","title":{"rendered":"\u00c9ric Dupond-Moretti s\u2019attaque \u00e0 Louis Sarkozy dans \u00abC \u00e0 vous\u00bb"},"content":{"rendered":"<p>    \u00c9ric Dupond-Moretti dans \u00abC \u00e0 vous\u00bb<br \/>\n                Capture \u00e9cran<\/p>\n<p>\n    La lutte contre le narcotrafic s\u2019organise \u00e0 l\u2019Assembl\u00e9e nationale apr\u00e8s l\u2019assassinat \u00e0 Marseille de Mehdi Kessaci. La l\u00e9galisation de certaines substances fait d\u00e9bat.<\/p>\n<p class=\"fig-paragraph\">Faut-il l\u00e9galiser le cannabis en France\u00a0? Le d\u00e9bat ressurgit dans la classe politique depuis l\u2019assassinat de\u00a0<a href=\"https:\/\/video.lefigaro.fr\/figaro\/faits-divers\/meurtre-de-mehdi-kessaci-on-ne-tremblera-pas-nous-n-avons-pas-peur-de-la-mafia-lance-benoit-payan-20251120\" target=\"_blank\" data-fig-type=\"Video\" rel=\"noopener nofollow\" data-gtm-custom-categorie=\"navigation\" data-gtm-custom-action=\"crossclick\" data-gtm-custom-label=\"Contextuel\" data-gtm-event=\"customEventSPE\" data-fig-domain=\"LEFIGARO\">Mehdi Kessaci<\/a>, fr\u00e8re du militant contre le narcotrafic Amine Kessaci. Sur le plateau de \u00abC \u00e0 vous\u00bb,\u00a0<a href=\"http:\/\/tvmag.lefigaro.fr\/programme-tv\/actu-tele\/j-ai-perdu-beaucoup-d-argent-eric-dupond-moretti-revient-sur-son-salaire-en-tant-que-ministre-de-la-justice-20251109\" target=\"_blank\" data-fig-type=\"Article\" rel=\"noopener nofollow\" data-gtm-custom-categorie=\"navigation\" data-gtm-custom-action=\"crossclick\" data-gtm-custom-label=\"Contextuel\" data-gtm-event=\"customEventSPE\" data-fig-domain=\"TVMAG\"><strong>\u00c9ric Dupond-Moretti<\/strong><\/a> \u00a0exprime ce jeudi 20 novembre son avis tranch\u00e9, \u00e9gratignant au passage<a href=\"http:\/\/tvmag.lefigaro.fr\/programme-tv\/actu-tele\/candidat-a-la-mairie-de-menton-louis-sarkozy-va-t-il-devoir-arreter-ses-chroniques-sur-lci-et-rmc-20250912\" target=\"_blank\" data-fig-type=\"Article\" rel=\"noopener nofollow\" data-gtm-custom-categorie=\"navigation\" data-gtm-custom-action=\"crossclick\" data-gtm-custom-label=\"Contextuel\" data-gtm-event=\"customEventSPE\" data-fig-domain=\"TVMAG\"><strong>\u00a0Louis Sarkozy<\/strong><\/a> .<\/p>\n<p class=\"fig-paragraph\">En septembre dernier, le fils de l\u2019ancien pr\u00e9sident de la R\u00e9publique a d\u00e9clar\u00e9 \u00eatre \u00abpour la d\u00e9criminalisation des drogues\u00bb face \u00e0 Thibaut Gauthier dans\u00a0<a href=\"https:\/\/video.lefigaro.fr\/figaro\/actualite-france\/je-suis-pour-la-decriminalisation-des-drogues-propose-louis-sarkozy-20250904\" target=\"_blank\" data-fig-type=\"Video\" rel=\"noopener nofollow\" data-gtm-custom-categorie=\"navigation\" data-gtm-custom-action=\"crossclick\" data-gtm-custom-label=\"Contextuel\" data-gtm-event=\"customEventSPE\" data-fig-domain=\"LEFIGARO\">\u00abLe Figaro La Nuit\u00bb<\/a>. \u00abLa v\u00e9rit\u00e9, c\u2019est qu\u2019il faut d\u00e9p\u00e9naliser toutes les substances, toutes. En le faisant, on d\u00e9truit le march\u00e9 du deal et on lib\u00e8re l\u2019individu\u00bb, a-t-il ajout\u00e9 le 19 novembre, sur RMC cette fois-ci.<\/p>\n<p>                                    <a class=\"fig-a11y-skip a11y-hidden\" href=\"#fig-a11y-skip-main-inarticle\"><br \/>\n        Passer la publicit\u00e9<br \/>\n    <\/a><\/p>\n<p>\u00abCela n\u2019a absolument aucun sens\u00bb<\/p>\n<p class=\"fig-paragraph\">Des paroles qui mettent en col\u00e8re \u00c9ric Dupond-Moretti. \u00abL\u2019h\u00e9ro\u00efne \u00e0 Menton\u00bb, ville o\u00f9 Louis Sarkozy est candidat aux \u00e9lections municipales, ironise-t-il dans un premier temps sur le plateau de France 5.<\/p>\n<p class=\"fig-paragraph\">\u00abVous pensez que nos trafiquants l\u00e0, si c\u2019est l\u00e9galis\u00e9, ils vont travailler \u00e0 l\u2019usine\u00a0?\u00bb, s\u2019insurge ce soir l\u2019avocat avant d\u2019assurer \u00abqu\u2019ils se tourneront vers un autre type de d\u00e9linquance\u00bb. \u00abCe que dit Louis Sarkozy, c\u2019est le capitalisme d\u00e9brid\u00e9. Cela n\u2019a absolument aucun sens\u00bb, tranche \u00c9ric Dupond-Moretti.<\/p>\n<p class=\"fig-paragraph\">Alors qu\u2019il \u00e9tait encore ministre de la Justice, il pointait d\u00e9j\u00e0 du doigt la responsabilit\u00e9 des consommateurs de drogues. \u00abCelui qui fume un p\u00e9tard le samedi &#8230; Ce p\u00e9tard a le go\u00fbt du sang s\u00e9ch\u00e9 sur le trottoir. Nous parlons de 50 homicides volontaires l\u2019an dernier. Les quelques bobos et bourgeois inconscients qui pensent pouvoir fumer du shit le samedi soir doivent s\u2019en rendre compte\u00bb, avait-il affirm\u00e9 en mars 2024 sur BFMTV.<\/p>\n","protected":false},"excerpt":{"rendered":"\u00c9ric Dupond-Moretti dans \u00abC \u00e0 vous\u00bb Capture \u00e9cran La lutte contre le narcotrafic s\u2019organise \u00e0 l\u2019Assembl\u00e9e nationale apr\u00e8s&hellip;\n","protected":false},"author":2,"featured_media":547656,"comment_status":"","ping_status":"","sticky":false,"template":"","format":"standard","meta":{"footnotes":""},"categories":[4],"tags":[11,10222,1011,27,4467,17927,12,25],"class_list":{"0":"post-547655","1":"post","2":"type-post","3":"status-publish","4":"format-standard","5":"has-post-thumbnail","7":"category-france","8":"tag-actualites","9":"tag-eric-dupond-moretti","10":"tag-fr","11":"tag-france","12":"tag-france-5","13":"tag-louis-sarkozy","14":"tag-news","15":"tag-republique-francaise"},"share_on_mastodon":{"url":"https:\/\/pubeurope.com\/@fr\/115584058375025006","error":""},"_links":{"self":[{"href":"https:\/\/www.europesays.com\/fr\/wp-json\/wp\/v2\/posts\/547655","targetHints":{"allow":["GET"]}}],"collection":[{"href":"https:\/\/www.europesays.com\/fr\/wp-json\/wp\/v2\/posts"}],"about":[{"href":"https:\/\/www.europesays.com\/fr\/wp-json\/wp\/v2\/types\/post"}],"author":[{"embeddable":true,"href":"https:\/\/www.europesays.com\/fr\/wp-json\/wp\/v2\/users\/2"}],"replies":[{"embeddable":true,"href":"https:\/\/www.europesays.com\/fr\/wp-json\/wp\/v2\/comments?post=547655"}],"version-history":[{"count":0,"href":"https:\/\/www.europesays.com\/fr\/wp-json\/wp\/v2\/posts\/547655\/revisions"}],"wp:featuredmedia":[{"embeddable":true,"href":"https:\/\/www.europesays.com\/fr\/wp-json\/wp\/v2\/media\/547656"}],"wp:attachment":[{"href":"https:\/\/www.europesays.com\/fr\/wp-json\/wp\/v2\/media?parent=547655"}],"wp:term":[{"taxonomy":"category","embeddable":true,"href":"https:\/\/www.europesays.com\/fr\/wp-json\/wp\/v2\/categories?post=547655"},{"taxonomy":"post_tag","embeddable":true,"href":"https:\/\/www.europesays.com\/fr\/wp-json\/wp\/v2\/tags?post=547655"}],"curies":[{"name":"wp","href":"https:\/\/api.w.org\/{rel}","templated":true}]}}