{"id":547663,"date":"2025-11-20T21:08:14","date_gmt":"2025-11-20T21:08:14","guid":{"rendered":"https:\/\/www.europesays.com\/fr\/547663\/"},"modified":"2025-11-20T21:08:14","modified_gmt":"2025-11-20T21:08:14","slug":"nancy-entre-france-et-etats-unis-une-philosophie-de-logicien","status":"publish","type":"post","link":"https:\/\/www.europesays.com\/fr\/547663\/","title":{"rendered":"Nancy. Entre France et \u00c9tats-Unis, une philosophie de\u2026 logicien"},"content":{"rendered":"<p>Et vous, que faites-vous dans la vie\u00a0? Question traditionnelle pos\u00e9e lors des mondanit\u00e9s diverses et vari\u00e9es, l\u2019interrogation a souvent un effet radical sur les interlocuteurs et interlocutrices de Kai Wehmeier. \u00ab\u00a0Lorsque je r\u00e9ponds \u2018Logicien\u2019, je constate rapidement que l\u2019\u00e9change tourne court\u2026\u00a0\u00bb<\/p>\n<p>Sourire de l\u2019int\u00e9ress\u00e9, qui se rappelle toutefois, un jour, avoir accueilli une curiosit\u00e9 inhabituelle chez son vis-\u00e0-vis. \u00ab\u00a0Mais il avait mal entendu ce que j\u2019avais dit. Il avait compris \u2018magicien\u2019\u00a0\u00bb se marre-t-il. \u00c0 la d\u00e9charge de son environnement direct, pas toujours simple de vulgariser les&#8230;<\/p>\n","protected":false},"excerpt":{"rendered":"Et vous, que faites-vous dans la vie\u00a0? Question traditionnelle pos\u00e9e lors des mondanit\u00e9s diverses et vari\u00e9es, l\u2019interrogation a&hellip;\n","protected":false},"author":2,"featured_media":547664,"comment_status":"","ping_status":"","sticky":false,"template":"","format":"standard","meta":{"footnotes":""},"categories":[9635],"tags":[1111,11,1057,4854,1777,674,1011,27,775,3457,1702,12,3456,25],"class_list":{"0":"post-547663","1":"post","2":"type-post","3":"status-publish","4":"format-standard","5":"has-post-thumbnail","7":"category-nancy","8":"tag-actu","9":"tag-actualites","10":"tag-education","11":"tag-enseignement-superieur","12":"tag-eu","13":"tag-europe","14":"tag-fr","15":"tag-france","16":"tag-grand-est","17":"tag-meurthe-et-moselle","18":"tag-nancy","19":"tag-news","20":"tag-region-lorraine","21":"tag-republique-francaise"},"share_on_mastodon":{"url":"https:\/\/pubeurope.com\/@fr\/115584074111278822","error":""},"_links":{"self":[{"href":"https:\/\/www.europesays.com\/fr\/wp-json\/wp\/v2\/posts\/547663","targetHints":{"allow":["GET"]}}],"collection":[{"href":"https:\/\/www.europesays.com\/fr\/wp-json\/wp\/v2\/posts"}],"about":[{"href":"https:\/\/www.europesays.com\/fr\/wp-json\/wp\/v2\/types\/post"}],"author":[{"embeddable":true,"href":"https:\/\/www.europesays.com\/fr\/wp-json\/wp\/v2\/users\/2"}],"replies":[{"embeddable":true,"href":"https:\/\/www.europesays.com\/fr\/wp-json\/wp\/v2\/comments?post=547663"}],"version-history":[{"count":0,"href":"https:\/\/www.europesays.com\/fr\/wp-json\/wp\/v2\/posts\/547663\/revisions"}],"wp:featuredmedia":[{"embeddable":true,"href":"https:\/\/www.europesays.com\/fr\/wp-json\/wp\/v2\/media\/547664"}],"wp:attachment":[{"href":"https:\/\/www.europesays.com\/fr\/wp-json\/wp\/v2\/media?parent=547663"}],"wp:term":[{"taxonomy":"category","embeddable":true,"href":"https:\/\/www.europesays.com\/fr\/wp-json\/wp\/v2\/categories?post=547663"},{"taxonomy":"post_tag","embeddable":true,"href":"https:\/\/www.europesays.com\/fr\/wp-json\/wp\/v2\/tags?post=547663"}],"curies":[{"name":"wp","href":"https:\/\/api.w.org\/{rel}","templated":true}]}}