{"id":547665,"date":"2025-11-20T21:09:16","date_gmt":"2025-11-20T21:09:16","guid":{"rendered":"https:\/\/www.europesays.com\/fr\/547665\/"},"modified":"2025-11-20T21:09:16","modified_gmt":"2025-11-20T21:09:16","slug":"ligue-2-las-nancy-lorraine-soffre-une-recrue-inattendue-lancien-rennais-jeremy-gelin","status":"publish","type":"post","link":"https:\/\/www.europesays.com\/fr\/547665\/","title":{"rendered":"Ligue 2. L\u2019AS Nancy Lorraine s\u2019offre une recrue inattendue\u00a0: l\u2019ancien Rennais J\u00e9r\u00e9my G\u00e9lin"},"content":{"rendered":"<p>Savoir bien recruter, c\u2019est savoir saisir des opportunit\u00e9s. C\u2019est, en quelque sorte, le raisonnement qu\u2019a tenu l\u2019ASNL au sujet de J\u00e9r\u00e9my G\u00e9lin qui, sauf mauvaise surprise, devrait renforcer le secteur d\u00e9fensif de l\u2019effectif officiellement ce vendredi. C\u2019est plut\u00f4t en attaque que le b\u00e2t blesse, <a href=\"https:\/\/www.estrepublicain.fr\/sport\/2025\/11\/07\/ligue-2-suivez-le-match-de-l-as-nancy-lorraine-face-a-laval-avec-nous\" target=\"_blank\" rel=\"noopener\">ces derniers temps<\/a> , mais le club au chardon n\u2019a pas voulu manquer cette occasion, sur le march\u00e9 des transferts, d\u2019enr\u00f4ler un d\u00e9fenseur ou milieu d\u00e9fensif du niveau de J\u00e9r\u00e9my G\u00e9lin.<\/p>\n<p>  28 ans seulement<\/p>\n<p>Le joueur, form\u00e9 au Stade Rennais, se trouvait libre de tout contrat, \u00e0 la recherche d\u2019un nouveau challenge, apr\u00e8s avoir r\u00e9sili\u00e9, l\u2019\u00e9t\u00e9 dernier, avec le club grec de Panserraikos qui ne le payait plus. Il doit passer la visite m\u00e9dicale ce vendredi, du c\u00f4t\u00e9 de Nancy, avant de parapher son contrat.<\/p>\n<p>Depuis son d\u00e9part de Gr\u00e8ce, le natif de Quimper s\u2019est entretenu physiquement, d\u2019abord en solitaire avant d\u2019int\u00e9grer les entra\u00eenements de la r\u00e9serve du Stade Rennais en octobre. Tout laisse penser que J\u00e9r\u00e9my G\u00e9lin en a encore sous le pied, \u00e0 seulement 28 ans. Il poss\u00e8de, en tout cas, une solide exp\u00e9rience pour n\u00e9gocier au mieux son retour \u00e0 la comp\u00e9tition, prochainement, sous le maillot au chardon.<\/p>\n<p>  Bless\u00e9 avant les Jeux Olympiques<\/p>\n<p>Ancien co\u00e9quipier au centre de formation de Rennes <a href=\"https:\/\/www.estrepublicain.fr\/p\/ousmane-dembele\/titres\" target=\"_blank\" rel=\"noopener\">d\u2019un certain Ousmane Demb\u00e9l\u00e9<\/a> , Ballon d\u2019Or 2025, J\u00e9r\u00e9my G\u00e9lin compte une soixantaine de matches de L1 \u00e0 son actif. Il a appris \u00e0 conna\u00eetre la L2 avec Amiens et il a \u00e9galement tent\u00e9 sa chance en Belgique (Royal Antwerp). Tout \u00e7a, apr\u00e8s avoir fr\u00e9quent\u00e9 les \u00e9quipes de France de jeunes, des U17 aux Espoirs. Il \u00e9tait m\u00eame s\u00e9lectionn\u00e9 pour les Jeux Olympiques de Tokyo en 2021, mais il a eu le malheur d\u2019\u00eatre s\u00e9rieusement bless\u00e9 au genou, avant le d\u00e9but de la comp\u00e9tition.<\/p>\n<p>J\u00e9r\u00e9my G\u00e9lin a su rebondir, apr\u00e8s \u00e7a. Preuve de ses ressources mentales. Une autre qualit\u00e9 qui pourrait bien aider l\u2019ASNL dans sa qu\u00eate de rebond, en Ligue 2.<\/p>\n","protected":false},"excerpt":{"rendered":"Savoir bien recruter, c\u2019est savoir saisir des opportunit\u00e9s. C\u2019est, en quelque sorte, le raisonnement qu\u2019a tenu l\u2019ASNL au&hellip;\n","protected":false},"author":2,"featured_media":547666,"comment_status":"","ping_status":"","sticky":false,"template":"","format":"standard","meta":{"footnotes":""},"categories":[9635],"tags":[1111,11,3703,3602,1707,1704,1706,1705,1777,674,107,1701,63,1011,27,775,1702,1703,12,25,517,1700],"class_list":{"0":"post-547665","1":"post","2":"type-post","3":"status-publish","4":"format-standard","5":"has-post-thumbnail","7":"category-nancy","8":"tag-actu","9":"tag-actualites","10":"tag-asnl","11":"tag-edition-bar-le-duc","12":"tag-edition-luneville","13":"tag-edition-nancy-et-agglomeration","14":"tag-edition-pont-a-mousson","15":"tag-edition-toul","16":"tag-eu","17":"tag-europe","18":"tag-fil-info","19":"tag-fil-info-sport","20":"tag-football","21":"tag-fr","22":"tag-france","23":"tag-grand-est","24":"tag-nancy","25":"tag-nancy-ville-54b","26":"tag-news","27":"tag-republique-francaise","28":"tag-sport","29":"tag-sport-lorrain"},"share_on_mastodon":{"url":"https:\/\/pubeurope.com\/@fr\/115584078024347441","error":""},"_links":{"self":[{"href":"https:\/\/www.europesays.com\/fr\/wp-json\/wp\/v2\/posts\/547665","targetHints":{"allow":["GET"]}}],"collection":[{"href":"https:\/\/www.europesays.com\/fr\/wp-json\/wp\/v2\/posts"}],"about":[{"href":"https:\/\/www.europesays.com\/fr\/wp-json\/wp\/v2\/types\/post"}],"author":[{"embeddable":true,"href":"https:\/\/www.europesays.com\/fr\/wp-json\/wp\/v2\/users\/2"}],"replies":[{"embeddable":true,"href":"https:\/\/www.europesays.com\/fr\/wp-json\/wp\/v2\/comments?post=547665"}],"version-history":[{"count":0,"href":"https:\/\/www.europesays.com\/fr\/wp-json\/wp\/v2\/posts\/547665\/revisions"}],"wp:featuredmedia":[{"embeddable":true,"href":"https:\/\/www.europesays.com\/fr\/wp-json\/wp\/v2\/media\/547666"}],"wp:attachment":[{"href":"https:\/\/www.europesays.com\/fr\/wp-json\/wp\/v2\/media?parent=547665"}],"wp:term":[{"taxonomy":"category","embeddable":true,"href":"https:\/\/www.europesays.com\/fr\/wp-json\/wp\/v2\/categories?post=547665"},{"taxonomy":"post_tag","embeddable":true,"href":"https:\/\/www.europesays.com\/fr\/wp-json\/wp\/v2\/tags?post=547665"}],"curies":[{"name":"wp","href":"https:\/\/api.w.org\/{rel}","templated":true}]}}