{"id":547675,"date":"2025-11-20T21:15:17","date_gmt":"2025-11-20T21:15:17","guid":{"rendered":"https:\/\/www.europesays.com\/fr\/547675\/"},"modified":"2025-11-20T21:15:17","modified_gmt":"2025-11-20T21:15:17","slug":"il-a-ete-enleve-par-sa-famille-et-emmene-de-force-en-ukraine","status":"publish","type":"post","link":"https:\/\/www.europesays.com\/fr\/547675\/","title":{"rendered":"il a \u00e9t\u00e9 enlev\u00e9 par sa famille et emmen\u00e9 de force en Ukraine"},"content":{"rendered":"<p class=\"article__intro\">Alors qu&rsquo;il se rendait \u00e0 la salle de sport, situ\u00e9e rue d&rsquo;Elbeuf \u00e0 Rouen, Alexandr, un jeune ukrainien de 16 ans a disparu le 2 juin 2025. Il avait \u00e9t\u00e9 emmen\u00e9 de force par sa m\u00e8re et son beau-p\u00e8re en Ukraine.<\/p>\n<p>\n      L\u2019actu des r\u00e9gions\n    <\/p>\n<p>\n      Chaque jour, un tour d\u2019horizon des principales infos de toutes les r\u00e9gions.\n    <\/p>\n<p>    France T\u00e9l\u00e9visions utilise votre adresse e-mail afin de vous envoyer la newsletter \u00ab\u00a0L\u2019actu des r\u00e9gions\u00a0\u00bb. Vous pouvez vous d\u00e9sinscrire \u00e0 tout moment via le lien en bas de cette newsletter. <a target=\"_blank\" href=\"https:\/\/www.francetelevisions.fr\/groupe\/confidentialite\/politique-de-confidentialite\/politique-de-confidentialite-de-france-televisions-6503\" rel=\"nofollow noopener\">Notre politique de confidentialit\u00e9<\/a><\/p>\n<p>Le 2 juin 2025, Alexandr, 15 ans, quitte le foyer IDEFHI de Canteleu pour se rendre \u00e0 une salle de sport, rue d&rsquo;Elbeuf \u00e0 Rouen avant de dispara\u00eetre.<\/p>\n<p>\u00ab\u00a0Sa disparition est signal\u00e9e par le foyer o\u00f9 il avait \u00e9t\u00e9 plac\u00e9 sur ordonnance d\u2019un juge des enfants\u00a0\u00bb, indique le procureur de la R\u00e9publique de Rouen, S\u00e9bastien Gallois.<\/p>\n<p>Les investigations ont permis de d\u00e9montrer qu\u2019il avait \u00e9t\u00e9 emmen\u00e9 de force par sa m\u00e8re et son beau-p\u00e8re en Ukraine via l\u2019Allemagne, puis la Pologne, et jusqu&rsquo; Kiev.<\/p>\n<p>Sa m\u00e8re et son beau-p\u00e8re ont \u00e9t\u00e9 interpell\u00e9s en r\u00e9gion rouennaise le 30 septembre 2025 et plac\u00e9s en garde \u00e0 vue. Mais Alexandr \u00e9tait visiblement toujours \u00e0 Kiev.<\/p>\n<p>\u00c0 l\u2019issue de leur garde \u00e0 vue, les deux mis en cause ont \u00e9t\u00e9 plac\u00e9s en d\u00e9tention provisoire et renvoy\u00e9s devant le tribunal correctionnel, ce jeudi 20 novembre 2025.<\/p>\n<p>Le tribunal correctionnel a condamn\u00e9 le beau-p\u00e8re \u00e0 la peine de deux ans d\u2019emprisonnement avec maintien en d\u00e9tention, et la m\u00e8re \u00e0 deux ans d\u2019emprisonnement dont un an assorti d\u2019un sursis simple, avec maintien en d\u00e9tention pour la partie ferme.<\/p>\n<p>Le tribunal a \u00e9galement prononc\u00e9 la peine compl\u00e9mentaire de retrait de l\u2019autorit\u00e9 parentale \u00e0 l\u2019\u00e9gard de la m\u00e8re concernant son fils, victime des faits.<\/p>\n<p>Selon le procureur, le mineur a clairement exprim\u00e9 son souhait de revenir en France et de r\u00e9int\u00e9grer son lieu de placement.<\/p>\n<p>\u00ab\u00a0Gr\u00e2ce \u00e0 la mobilisation des autorit\u00e9s polonaises et fran\u00e7aises, et \u00e0 la coop\u00e9ration polici\u00e8re et judiciaire entre nos deux Etats, le mineur est revenu en France sain et sauf\u00a0\u00bb, informe le parquet.<\/p><\/p>\n","protected":false},"excerpt":{"rendered":"Alors qu&rsquo;il se rendait \u00e0 la salle de sport, situ\u00e9e rue d&rsquo;Elbeuf \u00e0 Rouen, Alexandr, un jeune ukrainien&hellip;\n","protected":false},"author":2,"featured_media":547676,"comment_status":"","ping_status":"","sticky":false,"template":"","format":"standard","meta":{"footnotes":""},"categories":[9587],"tags":[1111,11,1777,674,1011,27,12,5161,25,9590],"class_list":{"0":"post-547675","1":"post","2":"type-post","3":"status-publish","4":"format-standard","5":"has-post-thumbnail","7":"category-rouen","8":"tag-actu","9":"tag-actualites","10":"tag-eu","11":"tag-europe","12":"tag-fr","13":"tag-france","14":"tag-news","15":"tag-normandie","16":"tag-republique-francaise","17":"tag-rouen"},"share_on_mastodon":{"url":"","error":""},"_links":{"self":[{"href":"https:\/\/www.europesays.com\/fr\/wp-json\/wp\/v2\/posts\/547675","targetHints":{"allow":["GET"]}}],"collection":[{"href":"https:\/\/www.europesays.com\/fr\/wp-json\/wp\/v2\/posts"}],"about":[{"href":"https:\/\/www.europesays.com\/fr\/wp-json\/wp\/v2\/types\/post"}],"author":[{"embeddable":true,"href":"https:\/\/www.europesays.com\/fr\/wp-json\/wp\/v2\/users\/2"}],"replies":[{"embeddable":true,"href":"https:\/\/www.europesays.com\/fr\/wp-json\/wp\/v2\/comments?post=547675"}],"version-history":[{"count":0,"href":"https:\/\/www.europesays.com\/fr\/wp-json\/wp\/v2\/posts\/547675\/revisions"}],"wp:featuredmedia":[{"embeddable":true,"href":"https:\/\/www.europesays.com\/fr\/wp-json\/wp\/v2\/media\/547676"}],"wp:attachment":[{"href":"https:\/\/www.europesays.com\/fr\/wp-json\/wp\/v2\/media?parent=547675"}],"wp:term":[{"taxonomy":"category","embeddable":true,"href":"https:\/\/www.europesays.com\/fr\/wp-json\/wp\/v2\/categories?post=547675"},{"taxonomy":"post_tag","embeddable":true,"href":"https:\/\/www.europesays.com\/fr\/wp-json\/wp\/v2\/tags?post=547675"}],"curies":[{"name":"wp","href":"https:\/\/api.w.org\/{rel}","templated":true}]}}