{"id":547684,"date":"2025-11-20T21:21:26","date_gmt":"2025-11-20T21:21:26","guid":{"rendered":"https:\/\/www.europesays.com\/fr\/547684\/"},"modified":"2025-11-20T21:21:26","modified_gmt":"2025-11-20T21:21:26","slug":"strasbourg-accueille-un-rendez-vous-5-etoiles-sur-van-gogh","status":"publish","type":"post","link":"https:\/\/www.europesays.com\/fr\/547684\/","title":{"rendered":"Strasbourg accueille un rendez-vous 5 \u00e9toiles sur Van Gogh"},"content":{"rendered":"<p>    <img loading=\"lazy\" width=\"1800\" height=\"900\" src=\"https:\/\/www.europesays.com\/fr\/wp-content\/uploads\/2025\/11\/jeanne-callthepolice.jpg\" class=\"attachment-full size-full\" alt=\"\" id=\"imageLove\" decoding=\"async\"  \/><\/p>\n<p id=\"breadcrumbs\"><a href=\"https:\/\/pokaa.fr\/\" rel=\"nofollow noopener\" target=\"_blank\">Accueil<\/a> \/ <a href=\"https:\/\/pokaa.fr\/categories\/ses-sorties\/\" rel=\"nofollow noopener\" target=\"_blank\">Sorties<\/a> \/ \u00ab Nuit \u00e9toil\u00e9e \u00bb et clich\u00e9s : Strasbourg accueille un rendez-vous 5 \u00e9toiles sur Van Gogh<\/p>\n<p>                    Sorties<\/p>\n<p><strong>Envie d\u2019en apprendre plus sur la vie de Van Gogh, ou de prolonger votre visite de l\u2019exposition Van Gogh\u00a0: the immersive experience \u00e0 Strasbourg ? Alors r\u00e9servez la date du 27 novembre, car de 19h \u00e0 20h, le sp\u00e9cialiste Wouter van der Veen tiendra une conf\u00e9rence pour discuter des mythes qui entourent le peintre. Folie, passion, artiste maudit : une belle occasion pour plonger un peu plus encore dans son \u0153uvre. <\/strong><\/p>\n<p><strong>Depuis plus d\u2019un mois, l\u2019exposition immersive sur Van Gogh nous invite au Parc des Expositions \u00e0 Strasbourg. <\/strong>L\u2019occasion de (re)d\u00e9couvrir le travail de l\u2019artiste \u00e0 travers <strong>des salles anim\u00e9es et des projections \u00e0 360 degr\u00e9s,<\/strong> histoire de se laisser emporter par la magie.<\/p>\n<p>                <a href=\"https:\/\/pokaa.fr\/2025\/09\/18\/envie-dune-nuit-etoilee-dans-1-mois-lexpo-immersive-van-gogh-debarque-a-strasbourg\/\" rel=\"nofollow noopener\" target=\"_blank\"><br \/>\n                    <img width=\"450\" height=\"270\" src=\"https:\/\/www.europesays.com\/fr\/wp-content\/uploads\/2025\/11\/1763673677_419_a1-450x270.png\" class=\"attachment-card-horizontal--same-subject size-card-horizontal--same-subject wp-post-image\" alt=\"\" decoding=\"async\" loading=\"lazy\"\/>                <\/a><\/p>\n<p>En plus de la possibilit\u00e9 de voyager dans les \u0153uvres de l\u2019artiste, vous pourrez \u00e9galement <strong>en savoir plus sur sa vie et son travail, \u00e0 l\u2019occasion d\u2019une conf\u00e9rence donn\u00e9e le 27 novembre, \u00e0 19h, avec un sp\u00e9cialiste du sujet. On vous explique.\u00a0<\/strong><\/p>\n<p>                <img width=\"769\" height=\"500\" src=\"https:\/\/www.europesays.com\/fr\/wp-content\/uploads\/2025\/09\/van-gogh-the-immersive-experience-6-769x500.png\" class=\"attachment-gallery size-gallery\" alt=\"Van Gogh the immersive experience (6)\" data-full-url=\"https:\/\/pokaa.fr\/wp-content\/uploads\/2025\/09\/16\/van-gogh-the-immersive-experience-6.png\" decoding=\"async\" loading=\"lazy\"  \/>            <\/p>\n<p>                <img width=\"810\" height=\"500\" src=\"https:\/\/www.europesays.com\/fr\/wp-content\/uploads\/2025\/11\/van-gogh-the-immersive-experience-2-810x500.png\" class=\"attachment-gallery size-gallery\" alt=\"Van Gogh the immersive experience (2)\" data-full-url=\"https:\/\/pokaa.fr\/wp-content\/uploads\/2025\/09\/16\/van-gogh-the-immersive-experience-2.png\" decoding=\"async\" loading=\"lazy\"  \/>            <\/p>\n<p>                    \u00a9 Van Gogh : The immersive experience \/ Documents remis<\/p>\n<p>La vie de Van Gogh pour comprendre son travail<\/p>\n<p>Pour l\u2019occasion, <strong>le sp\u00e9cialiste Wouter van der Veen sera au rendez-vous et partagera de vrais tr\u00e9sors et de faux tableaux.<\/strong> Fondateur de la Van Gogh Academy et ancien directeur scientifique de l\u2019Institut Van Gogh (Auvers-sur-Oise), il sera l\u00e0 pour <strong>d\u00e9boulonner les diff\u00e9rents mythes qui jalonnent la vie de l\u2019artiste, entre maladie, folie et autres id\u00e9es re\u00e7ues.<\/strong><\/p>\n<p>    <img width=\"600\" height=\"566\" src=\"https:\/\/www.europesays.com\/fr\/wp-content\/uploads\/2025\/11\/wouter-van-der-veen-600x566.png\" class=\"attachment-image-size-M size-image-size-M\" alt=\"Wouter van der Veen\" decoding=\"async\" loading=\"lazy\"  \/>         \u00a9 Wouter van der Veen \/ Capture d&rsquo;\u00e9cran <\/p>\n<p>De quoi mieux appr\u00e9hender son parcours, ses choix artistiques, l\u2019histoire de ses tableaux inoubliables, se forger un nouveau regard et <strong>surtout, d\u00e9couvrir l\u2019homme derri\u00e8re les chefs-d\u2019\u0153uvre.<\/strong><\/p>\n<p><strong>Les r\u00e9servations, <a href=\"https:\/\/feverup.com\/m\/402752?cp_landing=cta_hero&amp;cp_landing_term=cta_hero&amp;cp_landing_source=vangoghexpo&amp;utm_source=google&amp;utm_medium=organic\" target=\"_blank\" rel=\"noopener nofollow\">c\u2019est par ici\u00a0<\/a>:<\/strong> vous venez\u00a0?<\/p>\n<p>    <img width=\"800\" height=\"538\" src=\"https:\/\/www.europesays.com\/fr\/wp-content\/uploads\/2025\/11\/van-gogh-the-immersive-experience-3-800x538.png\" class=\"attachment-image-size-L size-image-size-L\" alt=\"Van Gogh the immersive experience (3)\" decoding=\"async\" loading=\"lazy\"  \/>         \u00a9 Van Gogh : The immersive experience \/ Document remis <\/p>\n<p>            \u00ab Van Gogh : la puissance d&rsquo;un mythe \u00bb<\/p>\n<p>            Quoi ? <\/p>\n<p>Conf\u00e9rence par Wouter van der Veen<\/p>\n<p>                Quand ?<\/p>\n<p>Le 27 novembre, de 19h \u00e0 20h<\/p>\n<p>            o\u00f9 ?<\/p>\n<p>Hall Tivoli du Parc des expositions, avenue Herrenschmidt, \u00e0 Strasbourg<\/p>\n<p>                Plus d&rsquo;infos ?<\/p>\n<p><a href=\"https:\/\/feverup.com\/m\/402752?cp_landing=cta_hero&amp;cp_landing_term=cta_hero&amp;cp_landing_source=vangoghexpo&amp;utm_source=google&amp;utm_medium=organic\" target=\"_blank\" rel=\"noopener nofollow\">R\u00e9servations en ligne<\/a><\/p>\n<p>Conf\u00e9rence : 15 \u20ac<br \/>Conf\u00e9rence + visite de l\u2019exposition \u00e0 18h : 20 \u20ac<\/p>\n<p>Les fonds de la conf\u00e9rence seront revers\u00e9s \u00e0 la <a href=\"https:\/\/academy.vg\/fr\/\" target=\"_blank\" rel=\"noopener nofollow\">Van Gogh Academy<\/a><\/p>\n","protected":false},"excerpt":{"rendered":"Accueil \/ Sorties \/ \u00ab Nuit \u00e9toil\u00e9e \u00bb et clich\u00e9s : Strasbourg accueille un rendez-vous 5 \u00e9toiles sur&hellip;\n","protected":false},"author":2,"featured_media":547685,"comment_status":"","ping_status":"","sticky":false,"template":"","format":"standard","meta":{"footnotes":""},"categories":[2820],"tags":[1111,11,1777,674,3293,1011,27,775,12,1585,25,640,53238],"class_list":{"0":"post-547684","1":"post","2":"type-post","3":"status-publish","4":"format-standard","5":"has-post-thumbnail","7":"category-strasbourg","8":"tag-actu","9":"tag-actualites","10":"tag-eu","11":"tag-europe","12":"tag-exposition","13":"tag-fr","14":"tag-france","15":"tag-grand-est","16":"tag-news","17":"tag-peinture","18":"tag-republique-francaise","19":"tag-strasbourg","20":"tag-van-gogh"},"share_on_mastodon":{"url":"https:\/\/pubeurope.com\/@fr\/115584127114628940","error":""},"_links":{"self":[{"href":"https:\/\/www.europesays.com\/fr\/wp-json\/wp\/v2\/posts\/547684","targetHints":{"allow":["GET"]}}],"collection":[{"href":"https:\/\/www.europesays.com\/fr\/wp-json\/wp\/v2\/posts"}],"about":[{"href":"https:\/\/www.europesays.com\/fr\/wp-json\/wp\/v2\/types\/post"}],"author":[{"embeddable":true,"href":"https:\/\/www.europesays.com\/fr\/wp-json\/wp\/v2\/users\/2"}],"replies":[{"embeddable":true,"href":"https:\/\/www.europesays.com\/fr\/wp-json\/wp\/v2\/comments?post=547684"}],"version-history":[{"count":0,"href":"https:\/\/www.europesays.com\/fr\/wp-json\/wp\/v2\/posts\/547684\/revisions"}],"wp:featuredmedia":[{"embeddable":true,"href":"https:\/\/www.europesays.com\/fr\/wp-json\/wp\/v2\/media\/547685"}],"wp:attachment":[{"href":"https:\/\/www.europesays.com\/fr\/wp-json\/wp\/v2\/media?parent=547684"}],"wp:term":[{"taxonomy":"category","embeddable":true,"href":"https:\/\/www.europesays.com\/fr\/wp-json\/wp\/v2\/categories?post=547684"},{"taxonomy":"post_tag","embeddable":true,"href":"https:\/\/www.europesays.com\/fr\/wp-json\/wp\/v2\/tags?post=547684"}],"curies":[{"name":"wp","href":"https:\/\/api.w.org\/{rel}","templated":true}]}}