{"id":547692,"date":"2025-11-20T21:25:26","date_gmt":"2025-11-20T21:25:26","guid":{"rendered":"https:\/\/www.europesays.com\/fr\/547692\/"},"modified":"2025-11-20T21:25:26","modified_gmt":"2025-11-20T21:25:26","slug":"grippe-aviaire-detectee-dans-deux-elevages-de-canards-et-de-dindes-pres-de-nantes-tous-les","status":"publish","type":"post","link":"https:\/\/www.europesays.com\/fr\/547692\/","title":{"rendered":"Grippe aviaire d\u00e9tect\u00e9e dans deux \u00e9levages de canards et de dindes pr\u00e8s de Nantes\u00a0: tous les"},"content":{"rendered":"<p>Apr\u00e8s la Vend\u00e9e, la Loire-Atlantique. Des cas de grippe aviaire ont \u00e9t\u00e9 d\u00e9tect\u00e9s, ce jeudi 20\u00a0novembre, dans un \u00e9levage de canards \u00e0 La Limouzini\u00e8re et chez un \u00e9leveur de dindes \u00e0 Saint-Colomban, au sud de Nantes.<\/p>\n<p>La direction d\u00e9partementale de la protection des populations, rattach\u00e9e \u00e0 la pr\u00e9fecture, a mis en place plusieurs mesures, dont l\u2019abattage, en totalit\u00e9, des canards et des dindes. On ignore, \u00e0 ce stade, le nombre de volailles et d\u2019oiseaux concern\u00e9.<\/p>\n<p>La pr\u00e9sence de cas de grippe aviaire dans ce secteur du d\u00e9partement entra\u00eene l\u2019instauration de zones de protection et de surveillance. Parmi les communes situ\u00e9es en zone de protection, Leg\u00e9, La Marne, Paulx, Corcou\u00e9, Saint-Etienne-de-Mer-Morte, Saint-Lumine-de-Coutais, Saint-Philbert-de-Grandlieu et Touvois.<\/p>\n<p><a href=\"https:\/\/nantes.maville.com\/actu\/actudet_-un-foyer-de-grippe-aviaire-detecte-dans-un-elevage-de-dindes-en-loire-atlantique-_8-7023717_actu.Htm\" target=\"_self\" rel=\"noopener\">Ce n\u2019est pas le premier cas de grippe aviaire en Loire-Atlantique depuis le d\u00e9but de l\u2019automne<\/a>\u00a0: un foyer a \u00e9t\u00e9 recens\u00e9 dans le secteur d\u2019H\u00e9ric, au nord de Nantes.<\/p>\n<p>\u00a0<\/p>\n","protected":false},"excerpt":{"rendered":"Apr\u00e8s la Vend\u00e9e, la Loire-Atlantique. Des cas de grippe aviaire ont \u00e9t\u00e9 d\u00e9tect\u00e9s, ce jeudi 20\u00a0novembre, dans un&hellip;\n","protected":false},"author":2,"featured_media":547693,"comment_status":"","ping_status":"","sticky":false,"template":"","format":"standard","meta":{"footnotes":""},"categories":[2818],"tags":[66537,1111,11,1867,66534,54417,66535,66536,42171,1777,674,1011,27,29786,766,12,2636,3762,25],"class_list":{"0":"post-547692","1":"post","2":"type-post","3":"status-publish","4":"format-standard","5":"has-post-thumbnail","7":"category-nantes","8":"tag-abattus","9":"tag-actu","10":"tag-actualites","11":"tag-animaux","12":"tag-aviaire","13":"tag-canards","14":"tag-detectee","15":"tag-dindes","16":"tag-elevages","17":"tag-eu","18":"tag-europe","19":"tag-fr","20":"tag-france","21":"tag-grippe","22":"tag-nantes","23":"tag-news","24":"tag-pays-de-la-loire","25":"tag-pres","26":"tag-republique-francaise"},"share_on_mastodon":{"url":"https:\/\/pubeurope.com\/@fr\/115584140982823366","error":""},"_links":{"self":[{"href":"https:\/\/www.europesays.com\/fr\/wp-json\/wp\/v2\/posts\/547692","targetHints":{"allow":["GET"]}}],"collection":[{"href":"https:\/\/www.europesays.com\/fr\/wp-json\/wp\/v2\/posts"}],"about":[{"href":"https:\/\/www.europesays.com\/fr\/wp-json\/wp\/v2\/types\/post"}],"author":[{"embeddable":true,"href":"https:\/\/www.europesays.com\/fr\/wp-json\/wp\/v2\/users\/2"}],"replies":[{"embeddable":true,"href":"https:\/\/www.europesays.com\/fr\/wp-json\/wp\/v2\/comments?post=547692"}],"version-history":[{"count":0,"href":"https:\/\/www.europesays.com\/fr\/wp-json\/wp\/v2\/posts\/547692\/revisions"}],"wp:featuredmedia":[{"embeddable":true,"href":"https:\/\/www.europesays.com\/fr\/wp-json\/wp\/v2\/media\/547693"}],"wp:attachment":[{"href":"https:\/\/www.europesays.com\/fr\/wp-json\/wp\/v2\/media?parent=547692"}],"wp:term":[{"taxonomy":"category","embeddable":true,"href":"https:\/\/www.europesays.com\/fr\/wp-json\/wp\/v2\/categories?post=547692"},{"taxonomy":"post_tag","embeddable":true,"href":"https:\/\/www.europesays.com\/fr\/wp-json\/wp\/v2\/tags?post=547692"}],"curies":[{"name":"wp","href":"https:\/\/api.w.org\/{rel}","templated":true}]}}