{"id":547700,"date":"2025-11-20T21:29:16","date_gmt":"2025-11-20T21:29:16","guid":{"rendered":"https:\/\/www.europesays.com\/fr\/547700\/"},"modified":"2025-11-20T21:29:16","modified_gmt":"2025-11-20T21:29:16","slug":"pourquoi-le-ministre-de-linterieur-laurent-nunez-sera-a-toulouse-ce-vendredi","status":"publish","type":"post","link":"https:\/\/www.europesays.com\/fr\/547700\/","title":{"rendered":"Pourquoi le ministre de l&rsquo;Int\u00e9rieur, Laurent Nu\u00f1ez, sera \u00e0 Toulouse ce vendredi\u00a0?"},"content":{"rendered":"<p>                    Par<br \/>\n        <strong><br \/>\n            <a href=\"https:\/\/actu.fr\/auteur\/lea-afonso\" title=\"Consulter tous les articles de L\u00e9a Afonso\" rel=\"nofollow noopener\" target=\"_blank\">L\u00e9a Afonso<\/a><br \/>\n                    <\/strong><\/p>\n<p>        Publi\u00e9 le<\/p>\n<p>            20 nov. 2025 \u00e0 20h16        <\/p>\n<p>Un <strong>d\u00e9placement minist\u00e9riel<\/strong> est pr\u00e9vu ce vendredi 21\u00a0novembre 2025 \u00e0 <a href=\"https:\/\/actu.fr\/toulouse\/\" rel=\"nofollow noopener\" target=\"_blank\">Toulouse<\/a> et dans son agglom\u00e9ration.<strong> Laurent Nu\u00f1ez, ministre de l\u2019Int\u00e9rieur<\/strong> depuis octobre dernier, sera pr\u00e9sent dans la Ville rose pour une s\u00e9rie d\u2019engagements officiels.<\/p>\n<p>Une matin\u00e9e \u00e0 l\u2019\u00c9cole nationale de police<\/p>\n<p class=\" wall-content\">Le ministre commencera sa visite<strong> \u00e0 11\u2009h, \u00e0 l\u2019\u00c9cole nationale de police de Toulouse<\/strong>. Apr\u00e8s un accueil r\u00e9publicain, il participera \u00e0 la <strong>c\u00e9r\u00e9monie de sortie de la 276e promotion<\/strong> d\u2019\u00e9l\u00e8ves gardiens de la paix. Au programme\u2009: honneur au drapeau, Marseillaise, revue des troupes, sonnerie aux morts et minute de silence.<\/p>\n<p class=\" wall-content\">\u00c0 l\u2019issue de ces moments protocolaires, Laurent Nu\u00f1ez prononcera un<strong> discours devant les \u00e9l\u00e8ves<\/strong> et les personnels de l\u2019institution.<\/p>\n<p>Une apr\u00e8s-midi \u00e0 Balma pour un projet de gendarmerie<\/p>\n<p class=\" wall-content\">La visite se poursuivra dans l\u2019apr\u00e8s-midi \u00e0 <strong>Balma<\/strong>, o\u00f9 doit \u00eatre construite <strong>une nouvelle brigade de gendarmerie<\/strong>. Sur place, le ministre tiendra une nouvelle prise de parole avant de proc\u00e9der \u00e0 un geste inaugural, probablement la pose de la premi\u00e8re pierre du futur b\u00e2timent.<\/p>\n<p class=\" wall-content\">Personnalisez votre actualit\u00e9 en ajoutant vos villes et m\u00e9dias en favori avec <a href=\"https:\/\/moncompte.actu.fr\" title=\"D\u00e9couvez Mon Actu\" rel=\"nofollow noopener\" data-trk=\"{&quot;cta&quot;:{&quot;action&quot;:&quot;https:\\\/\\\/moncompte.actu.fr&quot;,&quot;category&quot;:&quot;mon compte&quot;,&quot;from&quot;:&quot;article footer&quot;,&quot;name&quot;:&quot;Mon actu&quot;,&quot;type&quot;:&quot;cta&quot;}}\" target=\"_blank\">Mon Actu<\/a>.<\/p>\n","protected":false},"excerpt":{"rendered":"Par L\u00e9a Afonso Publi\u00e9 le 20 nov. 2025 \u00e0 20h16 Un d\u00e9placement minist\u00e9riel est pr\u00e9vu ce vendredi 21\u00a0novembre&hellip;\n","protected":false},"author":2,"featured_media":547701,"comment_status":"","ping_status":"","sticky":false,"template":"","format":"standard","meta":{"footnotes":""},"categories":[2816],"tags":[1111,11,1777,674,1011,27,12,2680,1072,25,104,2312],"class_list":{"0":"post-547700","1":"post","2":"type-post","3":"status-publish","4":"format-standard","5":"has-post-thumbnail","7":"category-toulouse","8":"tag-actu","9":"tag-actualites","10":"tag-eu","11":"tag-europe","12":"tag-fr","13":"tag-france","14":"tag-news","15":"tag-occitanie","16":"tag-police","17":"tag-republique-francaise","18":"tag-societe","19":"tag-toulouse"},"share_on_mastodon":{"url":"https:\/\/pubeurope.com\/@fr\/115584156608553073","error":""},"_links":{"self":[{"href":"https:\/\/www.europesays.com\/fr\/wp-json\/wp\/v2\/posts\/547700","targetHints":{"allow":["GET"]}}],"collection":[{"href":"https:\/\/www.europesays.com\/fr\/wp-json\/wp\/v2\/posts"}],"about":[{"href":"https:\/\/www.europesays.com\/fr\/wp-json\/wp\/v2\/types\/post"}],"author":[{"embeddable":true,"href":"https:\/\/www.europesays.com\/fr\/wp-json\/wp\/v2\/users\/2"}],"replies":[{"embeddable":true,"href":"https:\/\/www.europesays.com\/fr\/wp-json\/wp\/v2\/comments?post=547700"}],"version-history":[{"count":0,"href":"https:\/\/www.europesays.com\/fr\/wp-json\/wp\/v2\/posts\/547700\/revisions"}],"wp:featuredmedia":[{"embeddable":true,"href":"https:\/\/www.europesays.com\/fr\/wp-json\/wp\/v2\/media\/547701"}],"wp:attachment":[{"href":"https:\/\/www.europesays.com\/fr\/wp-json\/wp\/v2\/media?parent=547700"}],"wp:term":[{"taxonomy":"category","embeddable":true,"href":"https:\/\/www.europesays.com\/fr\/wp-json\/wp\/v2\/categories?post=547700"},{"taxonomy":"post_tag","embeddable":true,"href":"https:\/\/www.europesays.com\/fr\/wp-json\/wp\/v2\/tags?post=547700"}],"curies":[{"name":"wp","href":"https:\/\/api.w.org\/{rel}","templated":true}]}}