{"id":547702,"date":"2025-11-20T21:30:15","date_gmt":"2025-11-20T21:30:15","guid":{"rendered":"https:\/\/www.europesays.com\/fr\/547702\/"},"modified":"2025-11-20T21:30:15","modified_gmt":"2025-11-20T21:30:15","slug":"plusieurs-victimes-prises-en-charge-par-les-pompiers-au-sud-de-toulouse","status":"publish","type":"post","link":"https:\/\/www.europesays.com\/fr\/547702\/","title":{"rendered":"plusieurs victimes prises en charge par les pompiers au sud de Toulouse"},"content":{"rendered":"<p>                    Par<br \/>\n        <strong><br \/>\n            <a href=\"https:\/\/actu.fr\/auteur\/paul-2\" title=\"Consulter tous les articles de Paul Halbedel\" rel=\"nofollow noopener\" target=\"_blank\">Paul Halbedel<\/a><br \/>\n                    <\/strong><\/p>\n<p>        Publi\u00e9 le<\/p>\n<p>            20 nov. 2025 \u00e0 21h19        <\/p>\n<p>Un <strong>drame de la route<\/strong> s\u2019est nou\u00e9 peu apr\u00e8s 18\u2009h, ce jeudi 20\u00a0novembre, dans la commune de <a href=\"https:\/\/actu.fr\/occitanie\/cintegabelle_31145\" rel=\"nofollow noopener\" target=\"_blank\">Cintegabelle<\/a>, au sud de Toulouse. <strong>Trois v\u00e9hicules<\/strong> engag\u00e9s sur la <strong>D35<\/strong> ont \u00e9t\u00e9 impliqu\u00e9s dans un accident de la circulation qui a n\u00e9cessit\u00e9 l\u2019intervention des sapeurs-pompiers.<\/p>\n<p>    <a href=\"https:\/\/www.google.com\/maps\/embed?pb=!1m18!1m12!1m3!1d39276.38416018226!2d1.5019297844674127!3d43.340488253569646!2m3!1f0!2f0!3f0!3m2!1i1024!2i768!4f13.1!3m3!1m2!1s0x12aee84ff5e92103%3A0x3b9b60c4fa8cc6f!2sD35!5e0!3m2!1sfr!2sfr!4v1763669164435!5m2!1sfr!2sfr\" title=\"Ouvrie le lien\" rel=\"nofollow noopener\" target=\"_blank\">Cliquez ici pour visualiser le contenu<\/a><\/p>\n<p class=\" wall-content\">Parmi les <strong>cinq victimes<\/strong>\u00a0prises en charge, l\u2019une n\u2019a pas surv\u00e9cu. \u00ab\u2009Malgr\u00e9 les actions de r\u00e9animation engag\u00e9es par les secouristes et les \u00e9quipes du SAMU, <strong>un homme de 24\u00a0ans est d\u00e9clar\u00e9 d\u00e9c\u00e9d\u00e9<\/strong>\u2009\u00bb, informe le Service d\u00e9partemental d\u2019incendie et de secours de la Haute-Garonne.<\/p>\n<p>Un trentenaire gravement bless\u00e9<\/p>\n<p class=\" wall-content\">Les pompiers pr\u00e9cisent qu\u2019<strong>un autre homme \u00e2g\u00e9 de 38\u00a0ans a \u00e9t\u00e9 gravement bless\u00e9<\/strong>. \u00ab\u2009Il est en urgence absolue\u2009\u00bb, pr\u00e9cisent-ils. Un <strong>gar\u00e7on de 3\u00a0ans<\/strong> a \u00e9galement \u00e9t\u00e9 touch\u00e9 et se trouve quant \u00e0 lui en \u00ab\u2009urgence relative\u2009\u00bb. Tous les deux ont \u00e9t\u00e9 \u00e9vacu\u00e9s en ambulance vers un centre hospitalier \u00e0 Toulouse.<\/p>\n<p class=\" wall-content\">Enfin, une <strong>femme de 33\u00a0ans<\/strong> et une <strong>fille de 12\u00a0ans<\/strong> ont aussi \u00e9t\u00e9 prises en charge par les secours. Mais leur \u00e9tat de sant\u00e9 n\u2019a finalement pas n\u00e9cessit\u00e9 de transfert vers un h\u00f4pital.<\/p>\n<p>Vid\u00e9os : en ce moment sur ActuRoute ferm\u00e9e \u00e0 la circulation<\/p>\n<p class=\" wall-content\"><strong>La D35 a \u00e9t\u00e9 ferm\u00e9e \u00e0 la circulation<\/strong> le temps de l\u2019intervention des secours. Pour l\u2019heure, on ne conna\u00eet pas les circonstances entourant cet accident de la route.<\/p>\n<p class=\" wall-content\">Personnalisez votre actualit\u00e9 en ajoutant vos villes et m\u00e9dias en favori avec <a href=\"https:\/\/moncompte.actu.fr\" title=\"D\u00e9couvez Mon Actu\" rel=\"nofollow noopener\" data-trk=\"{&quot;cta&quot;:{&quot;action&quot;:&quot;https:\\\/\\\/moncompte.actu.fr&quot;,&quot;category&quot;:&quot;mon compte&quot;,&quot;from&quot;:&quot;article footer&quot;,&quot;name&quot;:&quot;Mon actu&quot;,&quot;type&quot;:&quot;cta&quot;}}\" target=\"_blank\">Mon Actu<\/a>.<\/p>\n","protected":false},"excerpt":{"rendered":"Par Paul Halbedel Publi\u00e9 le 20 nov. 2025 \u00e0 21h19 Un drame de la route s\u2019est nou\u00e9 peu&hellip;\n","protected":false},"author":2,"featured_media":547703,"comment_status":"","ping_status":"","sticky":false,"template":"","format":"standard","meta":{"footnotes":""},"categories":[2816],"tags":[119,1111,11,3542,1777,674,118,1011,27,12,2680,1311,25,2312],"class_list":{"0":"post-547702","1":"post","2":"type-post","3":"status-publish","4":"format-standard","5":"has-post-thumbnail","7":"category-toulouse","8":"tag-accident","9":"tag-actu","10":"tag-actualites","11":"tag-circulation","12":"tag-eu","13":"tag-europe","14":"tag-faits-divers","15":"tag-fr","16":"tag-france","17":"tag-news","18":"tag-occitanie","19":"tag-pompiers","20":"tag-republique-francaise","21":"tag-toulouse"},"share_on_mastodon":{"url":"https:\/\/pubeurope.com\/@fr\/115584160535312054","error":""},"_links":{"self":[{"href":"https:\/\/www.europesays.com\/fr\/wp-json\/wp\/v2\/posts\/547702","targetHints":{"allow":["GET"]}}],"collection":[{"href":"https:\/\/www.europesays.com\/fr\/wp-json\/wp\/v2\/posts"}],"about":[{"href":"https:\/\/www.europesays.com\/fr\/wp-json\/wp\/v2\/types\/post"}],"author":[{"embeddable":true,"href":"https:\/\/www.europesays.com\/fr\/wp-json\/wp\/v2\/users\/2"}],"replies":[{"embeddable":true,"href":"https:\/\/www.europesays.com\/fr\/wp-json\/wp\/v2\/comments?post=547702"}],"version-history":[{"count":0,"href":"https:\/\/www.europesays.com\/fr\/wp-json\/wp\/v2\/posts\/547702\/revisions"}],"wp:featuredmedia":[{"embeddable":true,"href":"https:\/\/www.europesays.com\/fr\/wp-json\/wp\/v2\/media\/547703"}],"wp:attachment":[{"href":"https:\/\/www.europesays.com\/fr\/wp-json\/wp\/v2\/media?parent=547702"}],"wp:term":[{"taxonomy":"category","embeddable":true,"href":"https:\/\/www.europesays.com\/fr\/wp-json\/wp\/v2\/categories?post=547702"},{"taxonomy":"post_tag","embeddable":true,"href":"https:\/\/www.europesays.com\/fr\/wp-json\/wp\/v2\/tags?post=547702"}],"curies":[{"name":"wp","href":"https:\/\/api.w.org\/{rel}","templated":true}]}}