{"id":547704,"date":"2025-11-20T21:31:31","date_gmt":"2025-11-20T21:31:31","guid":{"rendered":"https:\/\/www.europesays.com\/fr\/547704\/"},"modified":"2025-11-20T21:31:31","modified_gmt":"2025-11-20T21:31:31","slug":"noel-a-roubaix-roubaixxl","status":"publish","type":"post","link":"https:\/\/www.europesays.com\/fr\/547704\/","title":{"rendered":"No\u00ebl \u00e0 Roubaix &#8211; ROUBAIXXL"},"content":{"rendered":"<p>Ch\u00e8res Roubaisiennes, Chers Roubaisiens,<\/p>\n<p>\u00c0 Roubaix, la p\u00e9riode de fin d\u2019ann\u00e9e s\u2019accompagne d\u2019animations pour tous !<\/p>\n<p>Les \u00e9quipes de la ville de Roubaix et de Roubaix Shopping vous ont pr\u00e9par\u00e9 tout un programme que vous d\u00e9couvrirez dans ce dossier sp\u00e9cial No\u00ebl de votre magazine municipal et je les en remercie.<\/p>\n<p>Ces animations sont des occasions de nous rassembler et de vivre des moments magiques qui laisseront des souvenirs m\u00e9morables dans les yeux des petits et des grands.<\/p>\n<p>En cette p\u00e9riode o\u00f9 on souhaite pouvoir faire plaisir \u00e0 ses proches, vous trouverez \u00e0 Roubaix tout ce qu\u2019il vous faut gr\u00e2ce \u00e0 notre<br \/>commerce local !<br \/>Tous les commer\u00e7ants de la ville seront heureux de vous accueillir et vous conseiller pour trouver le cadeau id\u00e9al qui fera plaisir \u00e0 vos proches.<\/p>\n<p>Pour sa 10\u00e8me ann\u00e9e, notre march\u00e9 de No\u00ebl durable et z\u00e9ro d\u00e9chet unique en son genre, vous offre la possibilit\u00e9 de faire des cadeaux \u00e9thiques \u00e0 des prix accessibles !<\/p>\n<p>Baladez-vous dans notre belle ville au gr\u00e9 des nombreuses animations de ce mois de d\u00e9cembre : Nuit des arts, parcours de la nuit des arts lumineux, march\u00e9 de No\u00ebl durable, animations \u00e0 la m\u00e9diath\u00e8que, man\u00e8ges Grand\u2019Place et patinoire\u2026<\/p>\n<p>Et bien s\u00fbr, venez nombreux et en famille, le dimanche 21 d\u00e9cembre \u00e0 16h30 pour f\u00eater No\u00ebl sur la Grand Place.<\/p>\n<p>Joyeux No\u00ebl \u00e0 tous !<\/p>\n","protected":false},"excerpt":{"rendered":"Ch\u00e8res Roubaisiennes, Chers Roubaisiens, \u00c0 Roubaix, la p\u00e9riode de fin d\u2019ann\u00e9e s\u2019accompagne d\u2019animations pour tous ! Les \u00e9quipes&hellip;\n","protected":false},"author":2,"featured_media":547705,"comment_status":"","ping_status":"","sticky":false,"template":"","format":"standard","meta":{"footnotes":""},"categories":[2815],"tags":[1111,11,4485,1777,674,1011,27,811,1307,12,65896,25],"class_list":{"0":"post-547704","1":"post","2":"type-post","3":"status-publish","4":"format-standard","5":"has-post-thumbnail","7":"category-lille","8":"tag-actu","9":"tag-actualites","10":"tag-dossier","11":"tag-eu","12":"tag-europe","13":"tag-fr","14":"tag-france","15":"tag-hauts-de-france","16":"tag-lille","17":"tag-news","18":"tag-noel-2025","19":"tag-republique-francaise"},"share_on_mastodon":{"url":"https:\/\/pubeurope.com\/@fr\/115584164479548337","error":""},"_links":{"self":[{"href":"https:\/\/www.europesays.com\/fr\/wp-json\/wp\/v2\/posts\/547704","targetHints":{"allow":["GET"]}}],"collection":[{"href":"https:\/\/www.europesays.com\/fr\/wp-json\/wp\/v2\/posts"}],"about":[{"href":"https:\/\/www.europesays.com\/fr\/wp-json\/wp\/v2\/types\/post"}],"author":[{"embeddable":true,"href":"https:\/\/www.europesays.com\/fr\/wp-json\/wp\/v2\/users\/2"}],"replies":[{"embeddable":true,"href":"https:\/\/www.europesays.com\/fr\/wp-json\/wp\/v2\/comments?post=547704"}],"version-history":[{"count":0,"href":"https:\/\/www.europesays.com\/fr\/wp-json\/wp\/v2\/posts\/547704\/revisions"}],"wp:featuredmedia":[{"embeddable":true,"href":"https:\/\/www.europesays.com\/fr\/wp-json\/wp\/v2\/media\/547705"}],"wp:attachment":[{"href":"https:\/\/www.europesays.com\/fr\/wp-json\/wp\/v2\/media?parent=547704"}],"wp:term":[{"taxonomy":"category","embeddable":true,"href":"https:\/\/www.europesays.com\/fr\/wp-json\/wp\/v2\/categories?post=547704"},{"taxonomy":"post_tag","embeddable":true,"href":"https:\/\/www.europesays.com\/fr\/wp-json\/wp\/v2\/tags?post=547704"}],"curies":[{"name":"wp","href":"https:\/\/api.w.org\/{rel}","templated":true}]}}