{"id":547708,"date":"2025-11-20T21:33:12","date_gmt":"2025-11-20T21:33:12","guid":{"rendered":"https:\/\/www.europesays.com\/fr\/547708\/"},"modified":"2025-11-20T21:33:12","modified_gmt":"2025-11-20T21:33:12","slug":"les-elus-marseillais-face-a-laurent-nunez-lexercice-dequilibriste","status":"publish","type":"post","link":"https:\/\/www.europesays.com\/fr\/547708\/","title":{"rendered":"Les \u00e9lus marseillais face \u00e0 Laurent Nu\u00f1ez\u00a0: l&rsquo;exercice d&rsquo;\u00e9quilibriste"},"content":{"rendered":"<p>Sous le feu des micros et des cam\u00e9ras, la question \u00e9tait attendue par le ministre de l&rsquo;Int\u00e9rieur\u00a0: \u00ab\u00a0Avez-vous pr\u00e9vu des moyens suppl\u00e9mentaires\u00a0?\u00a0\u00bb R\u00e9ponse : \u00ab\u00a0On en reparlera.\u00a0\u00bb M\u00eame si les effectifs de police ont \u00e9t\u00e9 renforc\u00e9s ces derni\u00e8res ann\u00e9es \u00e0 Marseille, \u00e0 chaque drame, son d\u00e9placement minist\u00e9riel. Et un appel \u00e0 des <a href=\"https:\/\/www.laprovence.com\/article\/politique\/11072815183526\/etat-d-urgence-a-marseille-augmentations-des-moyens-l-affaire-mehdi-kessaci-au-coeur-des-questions-au-gouvernement\" target=\"_blank\" rel=\"noopener\">moyens suppl\u00e9mentaires<\/a> pour lutter contre le narcotrafic. Laurent Nu\u00f1ez n\u2019en avait pas dans ses valises lors de son d\u00e9placement ce jeudi 20\u00a0novembre. C\u2019est pourtant ce que lui ont demand\u00e9, une nouvelle fois, les \u00e9lus locaux lors des diff\u00e9rentes rencontres individuelles &#8211; avec le maire (DVG) <a href=\"https:\/\/www.laprovence.com\/article\/faits-divers-justice\/1509503467311814\/assassinat-de-mehdi-kessaci-je-serais-fier-que-les-marseillais-descendent-dans-la-rue-disent-non-au-narcotrafic-appelle-benoit-payan\" target=\"_blank\" rel=\"noopener\">Beno\u00eet Payan<\/a> et la pr\u00e9sidente de la M\u00e9tropole et du D\u00e9partement (DVD) Martine Vassal &#8211; puis ensemble avec Marion Bareille, maire (DVD) du 13-14, repr\u00e9sentant le pr\u00e9sident de R\u00e9gion (Ren.) Renaud Muselier.<\/p>\n<p>\u00ab\u00a0L\u2019exercice est difficile : ne pas faire d\u2019effets de manche tout en ne donnant pas l\u2019impression d\u2019une impuissance publique. Apr\u00e8s, ce n\u2019est pas un ministre de la soci\u00e9t\u00e9 du spectacle, cela ne veut pas dire qu\u2019il en fera moins. Dire : &lsquo;On a beaucoup travaill\u00e9 et il faut continuer&rsquo;, c\u2019est aussi la v\u00e9rit\u00e9. Aussi plat et d\u00e9cevant que cela soit\u00a0\u00bb, dit-on dans les entourages. \u00ab\u00a0Il vaut\u00a0m&#8230;<\/p>\n","protected":false},"excerpt":{"rendered":"Sous le feu des micros et des cam\u00e9ras, la question \u00e9tait attendue par le ministre de l&rsquo;Int\u00e9rieur\u00a0: \u00ab\u00a0Avez-vous&hellip;\n","protected":false},"author":2,"featured_media":547709,"comment_status":"","ping_status":"","sticky":false,"template":"","format":"standard","meta":{"footnotes":""},"categories":[2814],"tags":[17,1111,11,10153,1777,674,2823,274,1011,27,66538,3955,151,761,884,12,52758,882,25],"class_list":{"0":"post-547708","1":"post","2":"type-post","3":"status-publish","4":"format-standard","5":"has-post-thumbnail","7":"category-marseille","8":"tag-17","9":"tag-actu","10":"tag-actualites","11":"tag-elus","12":"tag-eu","13":"tag-europe","14":"tag-face","15":"tag-faits-divers-justice","16":"tag-fr","17":"tag-france","18":"tag-lexercice","19":"tag-laurent","20":"tag-les","21":"tag-marseillais","22":"tag-marseille","23":"tag-news","24":"tag-nunez","25":"tag-provence-alpes-cote-dazur","26":"tag-republique-francaise"},"share_on_mastodon":{"url":"https:\/\/pubeurope.com\/@fr\/115584172374415082","error":""},"_links":{"self":[{"href":"https:\/\/www.europesays.com\/fr\/wp-json\/wp\/v2\/posts\/547708","targetHints":{"allow":["GET"]}}],"collection":[{"href":"https:\/\/www.europesays.com\/fr\/wp-json\/wp\/v2\/posts"}],"about":[{"href":"https:\/\/www.europesays.com\/fr\/wp-json\/wp\/v2\/types\/post"}],"author":[{"embeddable":true,"href":"https:\/\/www.europesays.com\/fr\/wp-json\/wp\/v2\/users\/2"}],"replies":[{"embeddable":true,"href":"https:\/\/www.europesays.com\/fr\/wp-json\/wp\/v2\/comments?post=547708"}],"version-history":[{"count":0,"href":"https:\/\/www.europesays.com\/fr\/wp-json\/wp\/v2\/posts\/547708\/revisions"}],"wp:featuredmedia":[{"embeddable":true,"href":"https:\/\/www.europesays.com\/fr\/wp-json\/wp\/v2\/media\/547709"}],"wp:attachment":[{"href":"https:\/\/www.europesays.com\/fr\/wp-json\/wp\/v2\/media?parent=547708"}],"wp:term":[{"taxonomy":"category","embeddable":true,"href":"https:\/\/www.europesays.com\/fr\/wp-json\/wp\/v2\/categories?post=547708"},{"taxonomy":"post_tag","embeddable":true,"href":"https:\/\/www.europesays.com\/fr\/wp-json\/wp\/v2\/tags?post=547708"}],"curies":[{"name":"wp","href":"https:\/\/api.w.org\/{rel}","templated":true}]}}