{"id":547759,"date":"2025-11-20T22:06:15","date_gmt":"2025-11-20T22:06:15","guid":{"rendered":"https:\/\/www.europesays.com\/fr\/547759\/"},"modified":"2025-11-20T22:06:15","modified_gmt":"2025-11-20T22:06:15","slug":"avant-premiere-lagence-limmobilier-de-luxe-en-famille-saison-06-episode-02-lagence","status":"publish","type":"post","link":"https:\/\/www.europesays.com\/fr\/547759\/","title":{"rendered":"Avant-premi\u00e8re &#8211; L&rsquo;Agence : l&rsquo;immobilier de luxe en famille &#8211; Saison 06 Episode 02 &#8211; L&rsquo;Agence"},"content":{"rendered":"<p id=\"descriptionPanel\" class=\"text-secondary mr-2 line-clamp-2 pr-2.5 overflow-visible\">Martin, toujours en Gr\u00e8ce, tente un coup de poker en pr\u00e9sentant un bien totalement hors budget \u00e0 ses clients qui jusque-l\u00e0 enchainent les coups de c\u0153ur, r\u00e9ussira-t-il \u00e0 les faire craquer ? Avant de partir, Valentin d\u00e9cide de se confier \u00e0 Majo et de partager son bonheur. En Afrique du Sud, Rapha\u00ebl et Valentin se challengent pour savoir qui trouvera la maison de leur r\u00eave \u00e0 Sarah et Fay\u00e7al, un couple qui veut s&rsquo;installer pr\u00e8s du Cap. Sandrine, Olivier, Charina et Noah ne vont pas tarder \u00e0 les rejoindre et ils comptent bien profiter de leurs vacances pour vivre des moments inoubliables. L&rsquo;Agence Saison 6 Episode 2<br \/>En savoir plus sur <a class=\"text-white hover:text-blue-500\" href=\"https:\/\/www.tf1.fr\/dossier\/raphael-74644633\" target=\"_blank\" rel=\"noopener\">Rapha\u00ebl Kretz<\/a>, <a class=\"text-white hover:text-blue-500\" href=\"https:\/\/www.tf1.fr\/dossier\/louis-24674668\" target=\"_blank\" rel=\"noopener\">Louis Kretz<\/a>, <a class=\"text-white hover:text-blue-500\" href=\"https:\/\/www.tf1.fr\/dossier\/valentin-08534229\" target=\"_blank\" rel=\"noopener\">Valentin Kretz<\/a>, <a class=\"text-white hover:text-blue-500\" href=\"https:\/\/www.tf1.fr\/dossier\/majo-76999168\" target=\"_blank\" rel=\"noopener\">Majo<\/a>, <a class=\"text-white hover:text-blue-500\" href=\"https:\/\/www.tf1.fr\/dossier\/martin-39811647\" target=\"_blank\" rel=\"noopener\">Martin Kretz<\/a> ou <a class=\"text-white hover:text-blue-500\" href=\"https:\/\/www.tf1.fr\/dossier\/parents-kretz-34458103\" target=\"_blank\" rel=\"noopener\">Olivier et Sandrine <\/a><\/p>\n<p>Afficher la version longue du r\u00e9sum\u00e9<a class=\"shrink-0\" href=\"https:\/\/www.tf1.fr\/tmc\/lagence-limmobilier-de-luxe-en-famille\" target=\"_blank\" rel=\"noopener\"><img decoding=\"async\" src=\"https:\/\/www.europesays.com\/fr\/wp-content\/uploads\/2025\/11\/program-card-portrait-1-lagence-saison-6_v2-b01c0d-1c8a98-0@1x.jpg\" width=\"138\" height=\"184\" alt=\"\" loading=\"eager\" fetchpriority=\"auto\" class=\"rounded-3px aspect-[3\/4] h-24 w-auto\" aria-hidden=\"true\"\/><\/a><\/p>\n","protected":false},"excerpt":{"rendered":"Martin, toujours en Gr\u00e8ce, tente un coup de poker en pr\u00e9sentant un bien totalement hors budget \u00e0 ses&hellip;\n","protected":false},"author":2,"featured_media":547760,"comment_status":"","ping_status":"","sticky":false,"template":"","format":"standard","meta":{"footnotes":""},"categories":[1356],"tags":[58,59,1365,66541,66542,66539,1011,27,7113,66543,66544,66549,66553,66540,66550,66554,66547,66546,66551,66552,7116,66548,252,1364,7115,66545],"class_list":{"0":"post-547759","1":"post","2":"type-post","3":"status-publish","4":"format-standard","5":"has-post-thumbnail","7":"category-television","8":"tag-divertissement","9":"tag-entertainment","10":"tag-episode","11":"tag-episode-lagence","12":"tag-episode-lagence-tmc","13":"tag-episode-tmc","14":"tag-fr","15":"tag-france","16":"tag-lagence","17":"tag-lagence-episode","18":"tag-lagence-episode-tmc","19":"tag-lagence-streaming","20":"tag-lagence-streaming-gratuit","21":"tag-lagence-tmc","22":"tag-lagence-tmc-streaming","23":"tag-lagence-tmc-streaming-gratuit","24":"tag-lagence-tmc-video","25":"tag-lagence-video","26":"tag-streaming-gratuit-lagence","27":"tag-streaming-gratuit-lagence-tmc","28":"tag-streaming-lagence","29":"tag-streaming-lagence-tmc","30":"tag-television","31":"tag-tv","32":"tag-video-lagence","33":"tag-video-lagence-tmc"},"share_on_mastodon":{"url":"","error":"Validation failed: Text character limit of 500 exceeded"},"_links":{"self":[{"href":"https:\/\/www.europesays.com\/fr\/wp-json\/wp\/v2\/posts\/547759","targetHints":{"allow":["GET"]}}],"collection":[{"href":"https:\/\/www.europesays.com\/fr\/wp-json\/wp\/v2\/posts"}],"about":[{"href":"https:\/\/www.europesays.com\/fr\/wp-json\/wp\/v2\/types\/post"}],"author":[{"embeddable":true,"href":"https:\/\/www.europesays.com\/fr\/wp-json\/wp\/v2\/users\/2"}],"replies":[{"embeddable":true,"href":"https:\/\/www.europesays.com\/fr\/wp-json\/wp\/v2\/comments?post=547759"}],"version-history":[{"count":0,"href":"https:\/\/www.europesays.com\/fr\/wp-json\/wp\/v2\/posts\/547759\/revisions"}],"wp:featuredmedia":[{"embeddable":true,"href":"https:\/\/www.europesays.com\/fr\/wp-json\/wp\/v2\/media\/547760"}],"wp:attachment":[{"href":"https:\/\/www.europesays.com\/fr\/wp-json\/wp\/v2\/media?parent=547759"}],"wp:term":[{"taxonomy":"category","embeddable":true,"href":"https:\/\/www.europesays.com\/fr\/wp-json\/wp\/v2\/categories?post=547759"},{"taxonomy":"post_tag","embeddable":true,"href":"https:\/\/www.europesays.com\/fr\/wp-json\/wp\/v2\/tags?post=547759"}],"curies":[{"name":"wp","href":"https:\/\/api.w.org\/{rel}","templated":true}]}}