{"id":547773,"date":"2025-11-20T22:13:12","date_gmt":"2025-11-20T22:13:12","guid":{"rendered":"https:\/\/www.europesays.com\/fr\/547773\/"},"modified":"2025-11-20T22:13:12","modified_gmt":"2025-11-20T22:13:12","slug":"le-pacte-dutreil-qui-sauve-entreprises-emplois-et-croissance-que-les-deputes-veulent-sacrifier","status":"publish","type":"post","link":"https:\/\/www.europesays.com\/fr\/547773\/","title":{"rendered":"Le pacte Dutreil qui sauve entreprises, emplois et croissance que les d\u00e9put\u00e9s veulent sacrifier !"},"content":{"rendered":"<p>Je n\u2019en peux plus de cette chasse aux riches au nom d\u2019une \u00e9galit\u00e9 fantasm\u00e9e et totalement d\u00e9voy\u00e9e.<\/p>\n<p>Nous ne sommes pas \u00e9gaux de nature ! Nous le sommes en droit et c\u2019est une avanc\u00e9e intellectuelle et juridique absolument extraordinaire, mais nous restons in\u00e9gaux, et c\u2019est normal, c\u2019est m\u00eames souhaitable !<\/p>\n<p>Si nous \u00e9tions tous \u00e9gaux, nous serions tous pareil.<\/p>\n<p>Si nous sommes tous pareil, alors il n\u2019y a plus aucune diff\u00e9rence. Nous serions tous habill\u00e9s avec le m\u00eame v\u00eatement, nous aurions la m\u00eame taille, et nous aurions tous la m\u00eame femme ou le m\u00eame mari.<\/p>\n<p>Un monde d\u2019\u00e9galit\u00e9 parfaite est un monde terrifiant.<\/p>\n<p>Au-del\u00e0, certains cr\u00e9\u00e9ent des entreprises qui profitent \u00e0 tous, offrent des emplois, permettent de payer beaucoup de cotisations, de taxes et d\u2019imp\u00f4ts.<\/p>\n<p>Il ne faut pas tuer nos poules aux oeufs d\u2019or, quand bien m\u00eame ces entreprises passeraient de g\u00e9n\u00e9rations en g\u00e9n\u00e9ration ce qui serait \u00ab\u00a0in\u00e9gal\u00a0\u00bb.<\/p>\n<p>Mais l\u00e0 encore c\u2019est faux !<\/p>\n<p>Ce n\u2019est pas une in\u00e9galit\u00e9 qui se transmet.<\/p>\n<p>C\u2019est un devoir de prendre soin d\u2019une entreprise et de continuer \u00e0 la faire prosp\u00e9rer.<\/p>\n<p>C\u2019est aussi cela la transmission.<\/p>\n<p>En Allemagne vous avez 12500 ETI parce que les successions d\u2019entreprises ne sont ^pas tax\u00e9es. Les entreprises peuvent donc se d\u00e9velopper, grossir, grandir au lieu de payer des imp\u00f4ts !<\/p>\n<p>En France nous en avons seulement 5 200\u2026 parce que nous taxons au nom d\u2019une \u00e9galit\u00e9 mal comprise.<\/p>\n<p>L\u2019\u00e9galit\u00e9, ce n\u2019est en aucun cas gagner tous la m\u00eame chose, c\u2019est avoir les m\u00eames droits, les m\u00eames libert\u00e9s, les m\u00eames possibilit\u00e9s.<\/p>\n<p>C\u2019est d\u00e9j\u00e0 beaucoup, c\u2019est d\u00e9j\u00e0 \u00e9norme et c\u2019est largement suffisant !<\/p>\n<blockquote class=\"twitter-tweet\">\n<p dir=\"ltr\" lang=\"fr\">\u00ab\u00a0Si on supprime le pacte Dutreil, [\u2026] demain le pastis, notre ap\u00e9ro national, il est \u00e0 Londres ou aux Bermudes\u00a0\u00bb, estime Renaud Dutreil.<\/p>\n<p>Le pacte Dutreil offre des conditions fiscales avantageuses pour les transmissions d\u2019entreprises familiales.<a href=\"https:\/\/twitter.com\/hashtag\/ToutEstPolitique?src=hash&amp;ref_src=twsrc%5Etfw\" target=\"_blank\" rel=\"noopener\">#ToutEstPolitique<\/a> <a href=\"https:\/\/twitter.com\/hashtag\/Canal16?src=hash&amp;ref_src=twsrc%5Etfw\" target=\"_blank\" rel=\"noopener\">#Canal16<\/a> <a href=\"https:\/\/t.co\/6ekyqghPXZ\">pic.twitter.com\/6ekyqghPXZ<\/a><\/p>\n<p>\u2014 franceinfo (@franceinfo) <a href=\"https:\/\/twitter.com\/franceinfo\/status\/1990849561280069679?ref_src=twsrc%5Etfw\" target=\"_blank\" rel=\"noopener\">November 18, 2025<\/a><\/p>\n<\/blockquote>\n<p>Il est d\u00e9j\u00e0 trop tard, mais tout n\u2019est pas perdu.<\/p>\n<p>Pr\u00e9parez-vous !<\/p>\n<p>Charles SANNAT<\/p>\n<p><a href=\"https:\/\/insolentiae.com\/boutique\/\" target=\"_blank\" rel=\"noopener\"><img loading=\"lazy\" decoding=\"async\" class=\"size-medium wp-image-903895 alignleft\" src=\"data:image\/svg+xml,%3Csvg%20xmlns=\" http:=\"\" alt=\"\" width=\"400\" height=\"571\" data-lazy-src=\"https:\/\/www.europesays.com\/fr\/wp-content\/uploads\/2025\/11\/Couverture-LFF-guerre-des-terres-rares-peut-elle-detruire-les-marches-financiers-400x571.jpg\"\/><\/a>\u00ab Insolentiae \u00bb signifie \u00ab impertinence \u00bb en latin<br \/>Pour m\u2019\u00e9crire\u00a0<a href=\"https:\/\/insolentiae.com\/cdn-cgi\/l\/email-protection\" class=\"__cf_email__\" data-cfemail=\"e3808b82918f8690a38a8d908c8f868d978a8286cd808c8e\" target=\"_blank\" rel=\"noopener\">[email\u00a0protected]<\/a><br \/>Pour \u00e9crire \u00e0 ma femme\u00a0<a href=\"https:\/\/insolentiae.com\/cdn-cgi\/l\/email-protection\" class=\"__cf_email__\" data-cfemail=\"9ff7faf3faf1fadff6f1ecf0f3faf1ebf6fefab1fcf0f2\" target=\"_blank\" rel=\"noopener\">[email\u00a0protected]<\/a><\/p>\n<p><a href=\"https:\/\/insolentiae.com\/produit\/abonnement-acces-a-la-lettre-strategie-et-aux-dossiers-speciaux-de-charles-sannat\/?doing_wp_cron=1715699197.4551460742950439453125\" target=\"_blank\" rel=\"noopener\">Vous pouvez \u00e9galement vous abonner \u00e0 ma lettre mensuelle \u00ab STRAT\u00c9GIES \u00bb qui vous permettra d\u2019aller plus loin et dans laquelle je partage avec vous les solutions concr\u00e8tes \u00e0 mettre en \u0153uvre pour vous pr\u00e9parer au monde d\u2019apr\u00e8s. Ces solutions sont articul\u00e9es autour de l\u2019approche PEL \u2013 patrimoine, emploi, localisation. L\u2019id\u00e9e c\u2019est de partager avec vous les moyens et les m\u00e9thodes pour mettre en place votre r\u00e9silience personnelle et familiale.<\/a><\/p>\n<p><strong>\u00ab \u00c0 vouloir \u00e9touffer les r\u00e9volutions pacifiques, on rend in\u00e9vitables les r\u00e9volutions violentes \u00bb (JFK)<\/strong><\/p>\n<p>\u00ab Ceci est un article \u2018presslib\u2019, c\u2019est-\u00e0-dire libre de reproduction en tout ou en partie \u00e0 condition que le pr\u00e9sent alin\u00e9a soit reproduit \u00e0 sa suite. Insolentiae.com est le site sur lequel Charles Sannat s\u2019exprime quotidiennement et livre un d\u00e9cryptage impertinent et sans concession de l\u2019actualit\u00e9 \u00e9conomique. Merci de visiter mon site. Vous pouvez vous abonner gratuitement \u00e0 la lettre d\u2019information quotidienne sur www.insolentiae.com. \u00bb<\/p>\n<p><strong>IMPORTANT<\/strong>.\u00a0En vous connectant directement sur le site\u00a0<a href=\"http:\/\/www.insolentiae.com\/\" target=\"_blank\" rel=\"noopener\">insolentiae.com<\/a>\u00a0vous pouvez acc\u00e9der aux articles malgr\u00e9 tous les blocages. Si vous ne recevez pas la Newsletter ou si cette derni\u00e8re \u00e9tait bloqu\u00e9e, pensez \u00e0 vous connecter directement. Je ne cesse les publications qu\u2019au mois d\u2019ao\u00fbt et entre No\u00ebl et le jour de l\u2019an.<strong>\u00a0A noter les abonn\u00e9s orange.fr et wanadoo.fr sont particuli\u00e8rement touch\u00e9s par le ph\u00e9nom\u00e8ne inexplicable de non r\u00e9ception des lettres quotidiennes. Inscrivez-vous gratuitement avec une nouvelle adresse mail<\/strong><\/p>\n<p>\u00a0<\/p>\n<p>\t\t\t\t\t<script async src=\"https:\/\/platform.twitter.com\/widgets.js\" charset=\"utf-8\"><\/script><\/p>\n","protected":false},"excerpt":{"rendered":"Je n\u2019en peux plus de cette chasse aux riches au nom d\u2019une \u00e9galit\u00e9 fantasm\u00e9e et totalement d\u00e9voy\u00e9e. Nous&hellip;\n","protected":false},"author":2,"featured_media":547774,"comment_status":"","ping_status":"","sticky":false,"template":"","format":"standard","meta":{"footnotes":""},"categories":[6],"tags":[35,33,34,1011,27],"class_list":{"0":"post-547773","1":"post","2":"type-post","3":"status-publish","4":"format-standard","5":"has-post-thumbnail","7":"category-economie","8":"tag-business","9":"tag-economie","10":"tag-economy","11":"tag-fr","12":"tag-france"},"share_on_mastodon":{"url":"https:\/\/pubeurope.com\/@fr\/115584329683244061","error":""},"_links":{"self":[{"href":"https:\/\/www.europesays.com\/fr\/wp-json\/wp\/v2\/posts\/547773","targetHints":{"allow":["GET"]}}],"collection":[{"href":"https:\/\/www.europesays.com\/fr\/wp-json\/wp\/v2\/posts"}],"about":[{"href":"https:\/\/www.europesays.com\/fr\/wp-json\/wp\/v2\/types\/post"}],"author":[{"embeddable":true,"href":"https:\/\/www.europesays.com\/fr\/wp-json\/wp\/v2\/users\/2"}],"replies":[{"embeddable":true,"href":"https:\/\/www.europesays.com\/fr\/wp-json\/wp\/v2\/comments?post=547773"}],"version-history":[{"count":0,"href":"https:\/\/www.europesays.com\/fr\/wp-json\/wp\/v2\/posts\/547773\/revisions"}],"wp:featuredmedia":[{"embeddable":true,"href":"https:\/\/www.europesays.com\/fr\/wp-json\/wp\/v2\/media\/547774"}],"wp:attachment":[{"href":"https:\/\/www.europesays.com\/fr\/wp-json\/wp\/v2\/media?parent=547773"}],"wp:term":[{"taxonomy":"category","embeddable":true,"href":"https:\/\/www.europesays.com\/fr\/wp-json\/wp\/v2\/categories?post=547773"},{"taxonomy":"post_tag","embeddable":true,"href":"https:\/\/www.europesays.com\/fr\/wp-json\/wp\/v2\/tags?post=547773"}],"curies":[{"name":"wp","href":"https:\/\/api.w.org\/{rel}","templated":true}]}}