{"id":547777,"date":"2025-11-20T22:15:11","date_gmt":"2025-11-20T22:15:11","guid":{"rendered":"https:\/\/www.europesays.com\/fr\/547777\/"},"modified":"2025-11-20T22:15:11","modified_gmt":"2025-11-20T22:15:11","slug":"pour-simplifier-la-vie-des-maires-sebastien-lecornu-propose-de-supprimer-100-normes-franceinfo","status":"publish","type":"post","link":"https:\/\/www.europesays.com\/fr\/547777\/","title":{"rendered":"Pour &quot;simplifier la vie des maires&quot;, S\u00e9bastien Lecornu propose de supprimer 100 normes &#8211; Franceinfo"},"content":{"rendered":"<ol>\n<li><a href=\"https:\/\/news.google.com\/rss\/articles\/CBMi-gFBVV95cUxOLTJZam5tYkd6Tkw5SkFoVERFdUg3YWxWN2dLMkl5SVJZOHN5TzB3WUVxWS1XRlFBNlc2WVdtMVp6Y0lGUG5LeW9lRm5lR3J0dy0xTkF6UUhCaU5NNFRsNVhHNjhNZ21QbmM3VVpCRDhTczZjbEhiWFFzaUdmNzVIejcxYVllVGFmcEw4UnJBbUI3WDFUVjhzRXpJemVNOGo1RTA3NGJaZDBSa1lFOVdzUXp0N3hjUUtlTndVQUJuUlZKakZSZEgtVWpoRS1KNUZuSW5UTGFEeWw3V0haQjFZN1I3bFd0Rm5HWnNzZ2lzOXh4a0pGaTdxMThR?oc=5\" target=\"_blank\" rel=\"nofollow noopener\">Pour \u00ab\u00a0simplifier la vie des maires\u00a0\u00bb, S\u00e9bastien Lecornu propose de supprimer 100 normes<\/a>&nbsp;&nbsp;Franceinfo<\/li>\n<li><a href=\"https:\/\/news.google.com\/rss\/articles\/CBMi_wFBVV95cUxOMmZzNUdBQ00yQW5xbG9wZ0Nhb1RlRC0xbmlMZHRMSXY2RzFOWE8xWWFtbk1GUmpPYWh4YWJJWjlKV1FuMHJlSzhGS1dFdjRzWVJfM3JGWk84Qm1wdGxJeVhRY25CN05MVld0eEhndnZ6SWpRRjRfSmczMHhILU9DRXdqUTh6SDZ5QnhlT1JBYTZXSFplc1BRUmpMRWhoX1lfUTFVdDR3YUpwdGRQNzB4aVJDQTB4XzY3SFBsM1dfQTFaV1l0TWJSZTFZNURYQVZ1b204clhKaFl4MXJiUjNQcTZ6ZjV6bGZ5MEIzZzF0b1l6WER4VGQ5V09XU0lsM3M?oc=5\" target=\"_blank\" rel=\"nofollow noopener\">Au congr\u00e8s des maires, S\u00e9bastien Lecornu promet aux \u00e9diles une prime \u00ab r\u00e9galienne \u00bb de 500 euros par an<\/a>&nbsp;&nbsp;Le Monde.fr<\/li>\n<li><a href=\"https:\/\/news.google.com\/rss\/articles\/CBMilgFBVV95cUxOMjZ1S2dWQ3FuX24zZk1LWFhVVkJwcUViTTZYUXF4cDNTb1pIUTlaWUpURkNTNURVNk5WVnQta25SVjZqTjNxV0VjaEFHSEdhUTBYLURZaFdzSHVnUmZsMTU0cWdJVEphZzlqTDZWa3pyamxfdVdmQ1RubmZIWEdudjZhaUJCS004X1ZJeTRnd0FNekY3QVE?oc=5\" target=\"_blank\" rel=\"nofollow noopener\">Logement : \u00ab\u00a0Il en va de la survie de la fili\u00e8re BTP\u00a0\u00bb, S\u00e9bastien Lecornu (Premier ministre)<\/a>&nbsp;&nbsp;Batiactu<\/li>\n<li><a href=\"https:\/\/news.google.com\/rss\/articles\/CBMiuwFBVV95cUxNM2VkMjIyQWpJTHRwTG90Z19qWHN5NUZZdXBCaS1QT2lvOE5MZkVtMWlkLWhyeVFfWXhDd3VxNk14S1dGOG1NeDFWOTlrdkRGeXVkMk1TX2plcTkySFF0OWJiNHNxUnlwMmNNeUh0bXJCbmxVY2dXNF9oMGd1bHFVcE1mTkRZblViQWE2aEN3TVg3VHV1SEFxY0pmTnNkakhSQS1RQlJFVDRZNV9seTJ6czNSdFp1b3hDa25R?oc=5\" target=\"_blank\" rel=\"nofollow noopener\">Avant les municipales, S\u00e9bastien Lecornu promet aux \u00e9lus de tailler dans les normes \u00ab surr\u00e9alistes \u00bb<\/a>&nbsp;&nbsp;Le Figaro<\/li>\n<li><a href=\"https:\/\/news.google.com\/rss\/articles\/CBMi6gFBVV95cUxPcl83WUJHZTIwUnQ2TnhSY3NNM0xtZEdCak43Vk1DWEhHTXVxclpxOWRyTkVYdldVYWE4OXZ6dUNZQnBnMDlOY2MwUTJTdUNOS2plb1hzWnFQZ1dqcnYxVS1oZjFwamNhelZNTGV6eWVVYXVzaFhKWHEwYlZ3emFYVzY3dUxuTGpobDYteWM1U0lRZjU2VFlvT0R2ZTNRakxpY2NLZnBRUmh2cGkwdTdaOE8zNGNMNW1raUhmOExDVnE2eHVPbHJsc0NVWjVYUFFpTXV5SXhLMDdON21XQ1JUOHRqdTZFOG1JVmc?oc=5\" target=\"_blank\" rel=\"nofollow noopener\">\u00ab Il y a trop de cuisiniers dans la cuisine \u00bb : au Congr\u00e8s des maires, Lecornu plaide la \u00ab clarification \u00bb<\/a>&nbsp;&nbsp;Le Point<\/li>\n<\/ol>\n","protected":false},"excerpt":{"rendered":"Pour \u00ab\u00a0simplifier la vie des maires\u00a0\u00bb, S\u00e9bastien Lecornu propose de supprimer 100 normes&nbsp;&nbsp;Franceinfo Au congr\u00e8s des maires, S\u00e9bastien&hellip;\n","protected":false},"author":2,"featured_media":395849,"comment_status":"","ping_status":"","sticky":false,"template":"","format":"standard","meta":{"footnotes":""},"categories":[4],"tags":[11,1011,27,12,25],"class_list":{"0":"post-547777","1":"post","2":"type-post","3":"status-publish","4":"format-standard","5":"has-post-thumbnail","7":"category-france","8":"tag-actualites","9":"tag-fr","10":"tag-france","11":"tag-news","12":"tag-republique-francaise"},"share_on_mastodon":{"url":"https:\/\/pubeurope.com\/@fr\/115584337453554677","error":""},"_links":{"self":[{"href":"https:\/\/www.europesays.com\/fr\/wp-json\/wp\/v2\/posts\/547777","targetHints":{"allow":["GET"]}}],"collection":[{"href":"https:\/\/www.europesays.com\/fr\/wp-json\/wp\/v2\/posts"}],"about":[{"href":"https:\/\/www.europesays.com\/fr\/wp-json\/wp\/v2\/types\/post"}],"author":[{"embeddable":true,"href":"https:\/\/www.europesays.com\/fr\/wp-json\/wp\/v2\/users\/2"}],"replies":[{"embeddable":true,"href":"https:\/\/www.europesays.com\/fr\/wp-json\/wp\/v2\/comments?post=547777"}],"version-history":[{"count":0,"href":"https:\/\/www.europesays.com\/fr\/wp-json\/wp\/v2\/posts\/547777\/revisions"}],"wp:featuredmedia":[{"embeddable":true,"href":"https:\/\/www.europesays.com\/fr\/wp-json\/wp\/v2\/media\/395849"}],"wp:attachment":[{"href":"https:\/\/www.europesays.com\/fr\/wp-json\/wp\/v2\/media?parent=547777"}],"wp:term":[{"taxonomy":"category","embeddable":true,"href":"https:\/\/www.europesays.com\/fr\/wp-json\/wp\/v2\/categories?post=547777"},{"taxonomy":"post_tag","embeddable":true,"href":"https:\/\/www.europesays.com\/fr\/wp-json\/wp\/v2\/tags?post=547777"}],"curies":[{"name":"wp","href":"https:\/\/api.w.org\/{rel}","templated":true}]}}