{"id":54778,"date":"2025-04-26T16:18:11","date_gmt":"2025-04-26T16:18:11","guid":{"rendered":"https:\/\/www.europesays.com\/fr\/54778\/"},"modified":"2025-04-26T16:18:11","modified_gmt":"2025-04-26T16:18:11","slug":"microsoft-va-finalement-proposer-recall-la-fonction-maudite-de-windows-11-au-grand-public","status":"publish","type":"post","link":"https:\/\/www.europesays.com\/fr\/54778\/","title":{"rendered":"Microsoft va finalement proposer Recall, la fonction maudite de Windows 11, au grand public"},"content":{"rendered":"<p>Quasiment un an apr\u00e8s sa pr\u00e9sentation, Microsoft est finalement pr\u00eat \u00e0 d\u00e9ployer Recall aupr\u00e8s des utilisateurs grand public. Cette fonction de Windows 11 se propose d\u2019aider l\u2019utilisateur \u00e0 retrouver rapidement ce qu\u2019ils ont vu pr\u00e9c\u00e9demment sur leur PC. Mais avant cette mise \u00e0 disposition, l\u2019\u00e9diteur a d\u00fb serrer de nombreux boulons sur la s\u00e9curit\u00e9.<\/p>\n<p>Annonc\u00e9e <a href=\"https:\/\/www.01net.com\/actualites\/windows-11-avec-recall-microsoft-enregistrera-toutes-vos-activites-sur-votre-pc.html\" target=\"_blank\" rel=\"noopener\">en juin 2024 en m\u00eame temps que les premiers Copilot+PC<\/a>, la fonction <strong>Recall<\/strong> s\u2019est rapidement r\u00e9v\u00e9l\u00e9e comme le vilain petit canard de l\u2019ensemble de fonctions IA imagin\u00e9es par Microsoft. Sur le papier, l\u2019id\u00e9e n\u2019est pas mauvaise\u00a0: aider l\u2019utilisateur \u00e0 remettre la main sur une information ou un document d\u00e9j\u00e0 vu sur son ordinateur. \u00c7a peut \u00eatre une photo, un lien, un message, etc.<\/p>\n<p> Le mouton noir des fonctions Copilot <\/p>\n<p>Recall se pr\u00e9sente sous la forme d\u2019une frise chronologique listant des captures d\u2019\u00e9cran r\u00e9alis\u00e9es \u00e0 intervalles r\u00e9guliers. Ces captures sont interpr\u00e9t\u00e9es par une technologie de reconnaissance d\u2019\u00e9criture, des informations qui sont ensuite moulin\u00e9es par de l\u2019IA.<\/p>\n<p>Mais apr\u00e8s la pr\u00e9sentation de la fonction, des chercheurs en s\u00e9curit\u00e9 ont relev\u00e9 les failles du syst\u00e8me, <a href=\"https:\/\/www.01net.com\/actualites\/fonction-recall-des-pc-copilot-serieux-doutes-sur-la-securite-des-donnees.html\" target=\"_blank\" rel=\"noopener\">aussi bien des vuln\u00e9rabilit\u00e9s<\/a> que <a href=\"https:\/\/www.01net.com\/actualites\/la-fonction-recall-de-windows-11-un-cauchemar-pour-la-vie-privee.html\" target=\"_blank\" rel=\"noopener\">des inqui\u00e9tudes sur la confidentialit\u00e9<\/a>. Microsoft a report\u00e9 plusieurs fois le lancement de la fonction, le temps de trouver des solutions et de boucher les trous.<\/p>\n<\/p>\n<p>Le 11 avril, l\u2019\u00e9diteur proposait aux utilisateurs inscrits au programme Windows Insider de <a href=\"https:\/\/www.01net.com\/actualites\/windows-11-microsoft-deploie-recall.html\" target=\"_blank\" rel=\"noopener\">tester la fonction, baptis\u00e9e Retrouver<\/a> en fran\u00e7ais. Et d\u00e9sormais, elle va \u00eatre diffus\u00e9e \u00e0 tous au travers de la mise \u00e0 jour d\u2019avril pour Windows 11. En termes de s\u00e9curit\u00e9, il y a effectivement du mieux comme ont pu le <a href=\"https:\/\/doublepulsar.com\/microsoft-recall-on-copilot-pc-testing-the-security-and-privacy-implications-ddb296093b6c\" target=\"_blank\" rel=\"noopener\">constater<\/a> des sp\u00e9cialistes. Surtout, il faut activer Recall volontairement\u00a0; \u00e0 l\u2019origine, la fonction \u00e9tait activ\u00e9e automatiquement et par d\u00e9faut. Il est aussi possible de la supprimer compl\u00e8tement.<\/p>\n<p> <img loading=\"lazy\" decoding=\"async\" class=\"size-full wp-image-1265641\" src=\"https:\/\/www.europesays.com\/fr\/wp-content\/uploads\/2025\/04\/Windows-11-Recall-Retrouver-Insiders_11.jpg\" alt=\"Windows 11 Recall Retrouver Insiders 11\" width=\"1920\" height=\"1080\"  \/>\u00a9 01net.com <\/p>\n<p>Enfin, Recall reste tout de m\u00eame assez limit\u00e9. On pourra l\u2019utiliser sur les Copilot+PC existants, c\u2019est \u00e0 dire les machines \u00e9quip\u00e9e d\u2019un NPU d\u00e9veloppant plus de 40 TOPS. Cela limite les appareils compatibles aux PC dot\u00e9s d\u2019une puce Snapdragon X Elite\/Plus, ainsi qu\u2019aux mod\u00e8les avec Intel Core Ultra 200C et Ryzen AI 300 d\u2019AMD.<\/p>\n<blockquote>\n<p class=\"text-base text-neutral-700 dark:text-neutral-300\">\ud83d\udd34 Pour ne manquer aucune actualit\u00e9 de 01net, suivez-nous sur <a href=\"https:\/\/news.google.com\/publications\/CAAqBwgKMJPsvAswoIfUAw?hl=fr&amp;gl=FR&amp;ceid=FR%3Afr\" target=\"_blank\" rel=\"noopener\">Google Actualit\u00e9s<\/a> et <a href=\"https:\/\/whatsapp.com\/channel\/0029VaH5gKg6xCSG9nQQhQ1Z\" target=\"_blank\" rel=\"noopener\">WhatsApp<\/a>.<\/p>\n<\/blockquote>\n<p>            <img decoding=\"async\" src=\"https:\/\/www.europesays.com\/fr\/wp-content\/uploads\/2025\/04\/4NZ4LnDsUw9UvFnnxwTz2BKfp8VD92PRD8LTt3Ek.png\" alt=\"Opera One - Navigateur web boost\u00e9 \u00e0 l\u2019IA\" loading=\"lazy\"\/>                                            Opera One &#8211; Navigateur web boost\u00e9 \u00e0 l\u2019IA                 <\/p>\n<p>Par\u00a0: Opera<\/p>\n<p class=\"post-source\">\n            Source :<br \/>\n            <a href=\"https:\/\/blogs.windows.com\/windowsexperience\/2025\/04\/25\/copilot-pcs-are-the-most-performant-windows-pcs-ever-built-now-with-more-ai-features-that-empower-you-every-day\/\" target=\"_blank\" rel=\"noopener\"><br \/>\n              Microsoft<br \/>\n            <\/a>\n          <\/p>\n","protected":false},"excerpt":{"rendered":"Quasiment un an apr\u00e8s sa pr\u00e9sentation, Microsoft est finalement pr\u00eat \u00e0 d\u00e9ployer Recall aupr\u00e8s des utilisateurs grand public.&hellip;\n","protected":false},"author":2,"featured_media":54779,"comment_status":"","ping_status":"","sticky":false,"template":"","format":"standard","meta":{"footnotes":""},"categories":[7],"tags":[1011,27,5533,7472,43,40,41,39,42,44,7474],"class_list":{"0":"post-54778","1":"post","2":"type-post","3":"status-publish","4":"format-standard","5":"has-post-thumbnail","7":"category-sciences-et-technologies","8":"tag-fr","9":"tag-france","10":"tag-microsoft","11":"tag-recall","12":"tag-science","13":"tag-science-and-technology","14":"tag-sciences","15":"tag-sciences-et-technologies","16":"tag-technologies","17":"tag-technology","18":"tag-windows-11"},"share_on_mastodon":{"url":"https:\/\/pubeurope.com\/@fr\/114405173138339537","error":""},"_links":{"self":[{"href":"https:\/\/www.europesays.com\/fr\/wp-json\/wp\/v2\/posts\/54778","targetHints":{"allow":["GET"]}}],"collection":[{"href":"https:\/\/www.europesays.com\/fr\/wp-json\/wp\/v2\/posts"}],"about":[{"href":"https:\/\/www.europesays.com\/fr\/wp-json\/wp\/v2\/types\/post"}],"author":[{"embeddable":true,"href":"https:\/\/www.europesays.com\/fr\/wp-json\/wp\/v2\/users\/2"}],"replies":[{"embeddable":true,"href":"https:\/\/www.europesays.com\/fr\/wp-json\/wp\/v2\/comments?post=54778"}],"version-history":[{"count":0,"href":"https:\/\/www.europesays.com\/fr\/wp-json\/wp\/v2\/posts\/54778\/revisions"}],"wp:featuredmedia":[{"embeddable":true,"href":"https:\/\/www.europesays.com\/fr\/wp-json\/wp\/v2\/media\/54779"}],"wp:attachment":[{"href":"https:\/\/www.europesays.com\/fr\/wp-json\/wp\/v2\/media?parent=54778"}],"wp:term":[{"taxonomy":"category","embeddable":true,"href":"https:\/\/www.europesays.com\/fr\/wp-json\/wp\/v2\/categories?post=54778"},{"taxonomy":"post_tag","embeddable":true,"href":"https:\/\/www.europesays.com\/fr\/wp-json\/wp\/v2\/tags?post=54778"}],"curies":[{"name":"wp","href":"https:\/\/api.w.org\/{rel}","templated":true}]}}