{"id":547794,"date":"2025-11-20T22:27:14","date_gmt":"2025-11-20T22:27:14","guid":{"rendered":"https:\/\/www.europesays.com\/fr\/547794\/"},"modified":"2025-11-20T22:27:14","modified_gmt":"2025-11-20T22:27:14","slug":"dates-horaires-tarifs-et-infos","status":"publish","type":"post","link":"https:\/\/www.europesays.com\/fr\/547794\/","title":{"rendered":"dates, horaires, tarifs et infos"},"content":{"rendered":"<p> <img style=\"margin-bottom:30px;border-style: solid;border-width: 2px 2px 2px 2px;border-color: #000000;&#10;    box-shadow: 6px 6px 0 0 #00000073;\" width=\"1111\" height=\"640\" src=\"https:\/\/www.europesays.com\/fr\/wp-content\/uploads\/2025\/11\/191209_setupfestival.jpg\" class=\"attachment-full size-full wp-post-image\" alt=\"Affiche Labyrinthe : Exposition d'Arts Num\u00e9riques\" title=\"Affiche Labyrinthe : Exposition d'Arts Num\u00e9riques\" decoding=\"async\" fetchpriority=\"high\"  \/><\/p>\n<p>Du circuit imprim\u00e9 \u00e0 l&rsquo;imaginaire des fictions, le labyrinthe nous embarque dans une d\u00e9ambulation parfois sans fin entre obstacles physiques et adversit\u00e9 abstraite.<\/p>\n<p>&#13;<br \/>\n&#13;<\/p>\n<p>Les mondes artistiques et culturels fourmillent d&rsquo;exemples sc\u00e9naristiques ou formels, dans lesquels ce r\u00e9seau de galeries avec ou sans issues mat\u00e9rialise notre carte mentale et les diff\u00e9rentes \u00e9tapes du voyage initiatique vers la connaissance de soi.<\/p>\n<p>&#13;<br \/>\n&#13;<\/p>\n<p>Enfermant des monstres ou notre propre psych\u00e9, la forme du labyrinthe dans toute sa complexit\u00e9 s&rsquo;est impos\u00e9e comme un symbole puissant et universel de la perte de rep\u00e8res. Entre instinct et logique cognitive, retrouvons ensemble notre chemin \u00e0 travers graphismes, cin\u00e9ma, jeux vid\u00e9o et autres exp\u00e9riences num\u00e9riques&#8230;<\/p>\n<p>&#13;<\/p>\n<p>Tarifs &amp; Infos Pratiques<br \/>\ndu Samedi 11 janvier 2020 au Samedi 22 f\u00e9vrier 2020<br \/>Le 106 Quai Jean de B\u00e9thencourt  76000 <a href=\"https:\/\/www.rom-game.fr\/agenda\/recherche-0-0-normandie-seinemaritime-rouen.html\" rel=\"nofollow noopener\" target=\"_blank\">Rouen<\/a><\/p>\n","protected":false},"excerpt":{"rendered":"Du circuit imprim\u00e9 \u00e0 l&rsquo;imaginaire des fictions, le labyrinthe nous embarque dans une d\u00e9ambulation parfois sans fin entre&hellip;\n","protected":false},"author":2,"featured_media":547795,"comment_status":"","ping_status":"","sticky":false,"template":"","format":"standard","meta":{"footnotes":""},"categories":[9587],"tags":[1111,11,1777,674,1011,27,12,5161,25,9590],"class_list":{"0":"post-547794","1":"post","2":"type-post","3":"status-publish","4":"format-standard","5":"has-post-thumbnail","7":"category-rouen","8":"tag-actu","9":"tag-actualites","10":"tag-eu","11":"tag-europe","12":"tag-fr","13":"tag-france","14":"tag-news","15":"tag-normandie","16":"tag-republique-francaise","17":"tag-rouen"},"share_on_mastodon":{"url":"https:\/\/pubeurope.com\/@fr\/115584385257208584","error":""},"_links":{"self":[{"href":"https:\/\/www.europesays.com\/fr\/wp-json\/wp\/v2\/posts\/547794","targetHints":{"allow":["GET"]}}],"collection":[{"href":"https:\/\/www.europesays.com\/fr\/wp-json\/wp\/v2\/posts"}],"about":[{"href":"https:\/\/www.europesays.com\/fr\/wp-json\/wp\/v2\/types\/post"}],"author":[{"embeddable":true,"href":"https:\/\/www.europesays.com\/fr\/wp-json\/wp\/v2\/users\/2"}],"replies":[{"embeddable":true,"href":"https:\/\/www.europesays.com\/fr\/wp-json\/wp\/v2\/comments?post=547794"}],"version-history":[{"count":0,"href":"https:\/\/www.europesays.com\/fr\/wp-json\/wp\/v2\/posts\/547794\/revisions"}],"wp:featuredmedia":[{"embeddable":true,"href":"https:\/\/www.europesays.com\/fr\/wp-json\/wp\/v2\/media\/547795"}],"wp:attachment":[{"href":"https:\/\/www.europesays.com\/fr\/wp-json\/wp\/v2\/media?parent=547794"}],"wp:term":[{"taxonomy":"category","embeddable":true,"href":"https:\/\/www.europesays.com\/fr\/wp-json\/wp\/v2\/categories?post=547794"},{"taxonomy":"post_tag","embeddable":true,"href":"https:\/\/www.europesays.com\/fr\/wp-json\/wp\/v2\/tags?post=547794"}],"curies":[{"name":"wp","href":"https:\/\/api.w.org\/{rel}","templated":true}]}}