{"id":547796,"date":"2025-11-20T22:28:13","date_gmt":"2025-11-20T22:28:13","guid":{"rendered":"https:\/\/www.europesays.com\/fr\/547796\/"},"modified":"2025-11-20T22:28:13","modified_gmt":"2025-11-20T22:28:13","slug":"cest-parti-pour-la-23e-edition-du-festival-du-cirque-de-grenoble","status":"publish","type":"post","link":"https:\/\/www.europesays.com\/fr\/547796\/","title":{"rendered":"c\u2019est parti pour la 23e\u00a0\u00e9dition du Festival du cirque de Grenoble \u00a0!"},"content":{"rendered":"<p>Malgr\u00e9 les ann\u00e9es, on reste \u00e9bloui et bluff\u00e9 par la transformation du Palais des sports pour le Festival du cirque. Cette \u00e9dition encore, l\u2019\u00e9quipe de Guy Chanal a v\u00e9ritablement habill\u00e9 un \u00e9tablissement vieillissant en une piste aux \u00e9toiles. Et m\u00eame deux pistes pr\u00e9cis\u00e9ment. Avec un nouveau monsieur Loyal en la personne de Benjamin Castaldi, impeccable dans ce r\u00f4le qui n\u00e9cessite du rythme et de l\u2019improvisation. Toujours sous l\u2019\u0153il bienveillant et rieur du pr\u00e9sident du jury, Jean-Pierre Foucault, entour\u00e9, cette ann\u00e9e, de l\u2019acteur Jean-Pierre Castaldi\u00a0; du champion de cyclisme Bernard Th\u00e9venet\u00a0; des com\u00e9diennes de la s\u00e9rie Un si grand soleil , Marie-Ga\u00eblle Cals et Nadia Fossier.<\/p>\n<p>Quant aux artistes, ils vont \u00eatre une quarantaine \u00e0 se succ\u00e9der sur sc\u00e8ne jusqu\u2019\u00e0 dimanche 23\u00a0novembre. Avec la c\u00e9r\u00e9monie de remise des prix qui aura lieu le samedi 22\u00a0novembre apr\u00e8s la repr\u00e9sentation du soir. Des lasers aux drones en passant par de multiples acrobaties, les num\u00e9ros au programme promettent des moments \u00e9poustouflants\u00a0!<\/p>\n<p class=\"note\">Il reste des places pour les prochaines repr\u00e9sentations. Toutes les infos\u00a0: <a href=\"https:\/\/www.gcproductions.fr\/gc-productions\" title=\"www.gcproductions.fr\" target=\"_blank\" rel=\"noopener\">gcproductions.fr<\/a><\/p>\n","protected":false},"excerpt":{"rendered":"Malgr\u00e9 les ann\u00e9es, on reste \u00e9bloui et bluff\u00e9 par la transformation du Palais des sports pour le Festival&hellip;\n","protected":false},"author":2,"featured_media":547797,"comment_status":"","ping_status":"","sticky":false,"template":"","format":"standard","meta":{"footnotes":""},"categories":[9566],"tags":[1111,11,2430,1687,112,1777,674,1011,27,2731,108,12,25,3140],"class_list":{"0":"post-547796","1":"post","2":"type-post","3":"status-publish","4":"format-standard","5":"has-post-thumbnail","7":"category-grenoble","8":"tag-actu","9":"tag-actualites","10":"tag-auvergne-rhone-alpes","11":"tag-culture-loisirs","12":"tag-edition-grenoble-agglomeration","13":"tag-eu","14":"tag-europe","15":"tag-fr","16":"tag-france","17":"tag-grenoble","18":"tag-isere","19":"tag-news","20":"tag-republique-francaise","21":"tag-spectacle"},"share_on_mastodon":{"url":"https:\/\/pubeurope.com\/@fr\/115584388667436983","error":""},"_links":{"self":[{"href":"https:\/\/www.europesays.com\/fr\/wp-json\/wp\/v2\/posts\/547796","targetHints":{"allow":["GET"]}}],"collection":[{"href":"https:\/\/www.europesays.com\/fr\/wp-json\/wp\/v2\/posts"}],"about":[{"href":"https:\/\/www.europesays.com\/fr\/wp-json\/wp\/v2\/types\/post"}],"author":[{"embeddable":true,"href":"https:\/\/www.europesays.com\/fr\/wp-json\/wp\/v2\/users\/2"}],"replies":[{"embeddable":true,"href":"https:\/\/www.europesays.com\/fr\/wp-json\/wp\/v2\/comments?post=547796"}],"version-history":[{"count":0,"href":"https:\/\/www.europesays.com\/fr\/wp-json\/wp\/v2\/posts\/547796\/revisions"}],"wp:featuredmedia":[{"embeddable":true,"href":"https:\/\/www.europesays.com\/fr\/wp-json\/wp\/v2\/media\/547797"}],"wp:attachment":[{"href":"https:\/\/www.europesays.com\/fr\/wp-json\/wp\/v2\/media?parent=547796"}],"wp:term":[{"taxonomy":"category","embeddable":true,"href":"https:\/\/www.europesays.com\/fr\/wp-json\/wp\/v2\/categories?post=547796"},{"taxonomy":"post_tag","embeddable":true,"href":"https:\/\/www.europesays.com\/fr\/wp-json\/wp\/v2\/tags?post=547796"}],"curies":[{"name":"wp","href":"https:\/\/api.w.org\/{rel}","templated":true}]}}