{"id":547800,"date":"2025-11-20T22:30:20","date_gmt":"2025-11-20T22:30:20","guid":{"rendered":"https:\/\/www.europesays.com\/fr\/547800\/"},"modified":"2025-11-20T22:30:20","modified_gmt":"2025-11-20T22:30:20","slug":"des-peines-allegees-ou-similaires-en-appel","status":"publish","type":"post","link":"https:\/\/www.europesays.com\/fr\/547800\/","title":{"rendered":"des peines all\u00e9g\u00e9es ou similaires en appel"},"content":{"rendered":"<p>                    Par<br \/>\n        <strong><br \/>\n            <a href=\"https:\/\/actu.fr\/auteur\/brian-legoff\" title=\"Consulter tous les articles de Brian Le Goff\" rel=\"nofollow noopener\" target=\"_blank\">Brian Le Goff<\/a><br \/>\n                    <\/strong><\/p>\n<p>        Publi\u00e9 le<\/p>\n<p>            20 nov. 2025 \u00e0 19h02        <\/p>\n<p>Ils avaient \u00e9t\u00e9 <strong>condamn\u00e9s<\/strong> \u00e0 <a href=\"https:\/\/actu.fr\/bretagne\/rennes_35238\/meurtre-de-wilhem-houssin-a-rennes-de-10-a-20-ans-de-prison-pour-les-accuses_61783674.html\" rel=\"nofollow noopener\" target=\"_blank\">10 \u00e0 20\u00a0ans de prison en premi\u00e8re instance,<\/a> <strong>en octobre\u00a02024<\/strong>. Un peu plus d\u2019un an plus tard, <strong>quatre accus\u00e9s<\/strong> du <a href=\"https:\/\/actu.fr\/bretagne\/saint-jacques-de-la-lande_35281\/roue-de-coups-pres-de-rennes-un-homme-de-49-ans-tue-sous-les-yeux-de-sa-femme_43700202.html\" rel=\"nofollow noopener\" target=\"_blank\">meurtre de Wilhem Houssin<\/a>, qui avaient <strong>fait appel<\/strong> de la d\u00e9cision de la cour d\u2019appel de Rennes, \u00e9taient <a href=\"https:\/\/actu.fr\/bretagne\/saint-jacques-de-la-lande_35281\/meurtre-de-wilhem-houssin-pres-de-rennes-un-nouveau-proces-en-appel-s-ouvre_63425200.html\" rel=\"nofollow noopener\" target=\"_blank\">de retour devant la cour d\u2019Assises des mineurs du Morbihan<\/a>, en raison de la pr\u00e9sence d\u2019un mineur au moment des faits parmi eux, <strong>depuis le mercredi 12\u00a0novembre<\/strong>.<\/p>\n<p class=\" wall-content\">Le <strong>cinqui\u00e8me accus\u00e9, Adile T.<\/strong> qui avait fait appel dans un premier temps, a, lui, finalement <strong>renonc\u00e9<\/strong>.<\/p>\n<p>Requalifi\u00e9 en \u00ab\u2009violences volontaires\u2009\u00bb<\/p>\n<p class=\" wall-content\">Mercredi 19\u00a0novembre, la juridiction a prononc\u00e9 des peines all\u00e9g\u00e9es ou similaires pour les quatre accus\u00e9s en requalifiant le \u00ab\u2009meurtre\u2009\u00bb en \u00ab\u2009violences volontaires ayant entra\u00een\u00e9 la mort sans intention de la donner\u2009\u00bb, <strong>confirme Anthony Ory,<\/strong> avocat d\u2019un des accus\u00e9s\u2009:<\/p>\n<ul class=\" wall-content\">\n<li><strong>Bachir B, Tunisien de 25\u00a0ans<\/strong>, d\u2019abord condamn\u00e9 \u00e0 20\u00a0ans, a \u00e9t\u00e9 puni de <strong>17\u00a0ans<\/strong> de r\u00e9clusion criminelle. Il fait toujours l\u2019objet d\u2019une <strong>interdiction d\u00e9finitive du territoire<\/strong> fran\u00e7ais.<\/li>\n<li>Le <strong>mineur<\/strong> au moment des faits, d\u2019abord condamn\u00e9 \u00e0 12\u00a0ans de prison, a vu sa peine <strong>r\u00e9duite \u00e0 huit ans et l\u2019excuse de minorit\u00e9 a \u00e9t\u00e9 retenue<\/strong>.<\/li>\n<li><strong>Alan R. et Bilel A.<\/strong> \u00e9copent, eux, de la <strong>m\u00eame peine<\/strong> que l\u2019ann\u00e9e pass\u00e9e.<\/li>\n<\/ul>\n<p class=\" wall-content\">Ces nouvelles condamnations sont<strong> loin de suivre les r\u00e9quisitions du procureur<\/strong> en appel, qui r\u00e9clamait 30\u00a0ans de prison pour Bachir B., 20\u00a0ans pour le mineur \u00e0 l\u2019\u00e9poque de l\u2019agression mortelle et quinze ans si la cour retenait l\u2019excuse de minorit\u00e9. Cette m\u00eame derni\u00e8re peine \u00e9tait requise \u00e0 l\u2019encontre d\u2019Alan R. et Bilel A.<\/p>\n<p class=\" wall-content\">Pour rappel, mercredi 21\u00a0juillet 2021, Wilhem Houssin avait \u00e9t\u00e9 <strong>violemment agress\u00e9<\/strong> par ce groupe de jeunes. Pris en charge par les secours, l\u2019homme de 49\u00a0ans \u00e9tait <strong>mort des suites de ses blessures,<\/strong> samedi 24\u00a0juillet 2021.<\/p>\n<p class=\" wall-content\">Personnalisez votre actualit\u00e9 en ajoutant vos villes et m\u00e9dias en favori avec <a href=\"https:\/\/moncompte.actu.fr\" title=\"D\u00e9couvez Mon Actu\" rel=\"nofollow noopener\" data-trk=\"{&quot;cta&quot;:{&quot;action&quot;:&quot;https:\\\/\\\/moncompte.actu.fr&quot;,&quot;category&quot;:&quot;mon compte&quot;,&quot;from&quot;:&quot;article footer&quot;,&quot;name&quot;:&quot;Mon actu&quot;,&quot;type&quot;:&quot;cta&quot;}}\" target=\"_blank\">Mon Actu<\/a>.<\/p>\n","protected":false},"excerpt":{"rendered":"Par Brian Le Goff Publi\u00e9 le 20 nov. 2025 \u00e0 19h02 Ils avaient \u00e9t\u00e9 condamn\u00e9s \u00e0 10 \u00e0&hellip;\n","protected":false},"author":2,"featured_media":5423,"comment_status":"","ping_status":"","sticky":false,"template":"","format":"standard","meta":{"footnotes":""},"categories":[2821],"tags":[1111,11,829,1777,674,118,1011,27,303,777,12,2694,584,25],"class_list":{"0":"post-547800","1":"post","2":"type-post","3":"status-publish","4":"format-standard","5":"has-post-thumbnail","7":"category-rennes","8":"tag-actu","9":"tag-actualites","10":"tag-bretagne","11":"tag-eu","12":"tag-europe","13":"tag-faits-divers","14":"tag-fr","15":"tag-france","16":"tag-justice","17":"tag-meurtre","18":"tag-news","19":"tag-proces","20":"tag-rennes","21":"tag-republique-francaise"},"share_on_mastodon":{"url":"https:\/\/pubeurope.com\/@fr\/115584396552701968","error":""},"_links":{"self":[{"href":"https:\/\/www.europesays.com\/fr\/wp-json\/wp\/v2\/posts\/547800","targetHints":{"allow":["GET"]}}],"collection":[{"href":"https:\/\/www.europesays.com\/fr\/wp-json\/wp\/v2\/posts"}],"about":[{"href":"https:\/\/www.europesays.com\/fr\/wp-json\/wp\/v2\/types\/post"}],"author":[{"embeddable":true,"href":"https:\/\/www.europesays.com\/fr\/wp-json\/wp\/v2\/users\/2"}],"replies":[{"embeddable":true,"href":"https:\/\/www.europesays.com\/fr\/wp-json\/wp\/v2\/comments?post=547800"}],"version-history":[{"count":0,"href":"https:\/\/www.europesays.com\/fr\/wp-json\/wp\/v2\/posts\/547800\/revisions"}],"wp:featuredmedia":[{"embeddable":true,"href":"https:\/\/www.europesays.com\/fr\/wp-json\/wp\/v2\/media\/5423"}],"wp:attachment":[{"href":"https:\/\/www.europesays.com\/fr\/wp-json\/wp\/v2\/media?parent=547800"}],"wp:term":[{"taxonomy":"category","embeddable":true,"href":"https:\/\/www.europesays.com\/fr\/wp-json\/wp\/v2\/categories?post=547800"},{"taxonomy":"post_tag","embeddable":true,"href":"https:\/\/www.europesays.com\/fr\/wp-json\/wp\/v2\/tags?post=547800"}],"curies":[{"name":"wp","href":"https:\/\/api.w.org\/{rel}","templated":true}]}}