{"id":547803,"date":"2025-11-20T22:32:22","date_gmt":"2025-11-20T22:32:22","guid":{"rendered":"https:\/\/www.europesays.com\/fr\/547803\/"},"modified":"2025-11-20T22:32:22","modified_gmt":"2025-11-20T22:32:22","slug":"a-strasbourg-le-marche-off-de-noel-revient-avec-une-prog-tres-festive","status":"publish","type":"post","link":"https:\/\/www.europesays.com\/fr\/547803\/","title":{"rendered":"\u00e0 Strasbourg, le March\u00e9 Off de No\u00ebl revient avec une prog&rsquo; tr\u00e8s festive"},"content":{"rendered":"<p><b>En 2025, le March\u00e9 Off de Strasbourg f\u00eate ses 10 ans, du 26 novembre au 24 d\u00e9cembre. \u00c0 travers sa th\u00e9matique \u00ab aller vers et faire venir \u00bb, l\u2019\u00e9v\u00e9nement incontournable de la place Grimmeissen \u00e0 la Petite France met en avant plus d\u2019une centaine d\u2019\u00e9v\u00e9nements gratuits. Le tout, avec une journ\u00e9e d\u2019anniversaire \u00e0 ne pas manquer le 29 novembre.<\/b><\/p>\n<p class=\"p1\">\u00ab Le March\u00e9 Off inspire le \u2018In\u2019. \u00bb Lors de la pr\u00e9sentation du programme du march\u00e9 de No\u00ebl 2025 le 5 novembre dernier, Jeanne Barseghian n\u2019a pas manqu\u00e9 de c\u00e9l\u00e9brer l\u2019impact du March\u00e9 Off sur son grand fr\u00e8re de Capitale de No\u00ebl. <b>Et pour cause : cette ann\u00e9e, l\u2019\u00e9v\u00e9nement alternatif, plus local et \u00e9thique, f\u00eate son 10e anniversaire<\/b>.<\/p>\n<p>                <a href=\"https:\/\/pokaa.fr\/2025\/11\/05\/plus-authentique-et-feerique-voici-le-programme-2025-du-marche-de-noel-de-strasbourg\/\" target=\"_blank\" rel=\"noopener\"><br \/>\n                    <img width=\"450\" height=\"270\" src=\"https:\/\/www.europesays.com\/fr\/wp-content\/uploads\/2025\/11\/france-strasbourg-alsace-marche-de-noel-wr-50-450x270.jpg\" class=\"attachment-card-horizontal--same-subject size-card-horizontal--same-subject wp-post-image\" alt=\"\" decoding=\"async\" loading=\"lazy\"\/>                <\/a><\/p>\n<p><b>Pour c\u00e9l\u00e9brer l\u2019\u00e9v\u00e9nement du 26 novembre au 24 d\u00e9cembre, le March\u00e9 Off r\u00e9unira sur la place Grimmeissen 19 structures permanentes, ainsi que 13 temporaires<\/b>. Toutes portent des sujets autour des valeurs de la consommation responsable, du social, de la sant\u00e9, de la solidarit\u00e9, de la culture et de l\u2019\u00e9ducation populaire. Et cette ann\u00e9e encore, le March\u00e9 Off a dans sa hotte de quoi ravir et divertir les Strasbourgeois(es).<\/p>\n<p>    <img width=\"800\" height=\"531\" src=\"https:\/\/www.europesays.com\/fr\/wp-content\/uploads\/2025\/11\/marche-off-doc-remis-800x531.png\" class=\"attachment-image-size-L size-image-size-L\" alt=\"marche\u0301 off doc remis\" decoding=\"async\" loading=\"lazy\"  \/>         \u00a9 Laetitia Piccarreta \/ Document remis <\/p>\n<p>La journ\u00e9e d\u2019anniversaire le 29 novembre<\/p>\n<p class=\"p1\">Dix ans, c\u2019est un \u00e2ge \u00e0 f\u00eater. Et le March\u00e9 Off compte le faire en beaut\u00e9, \u00e0 travers une journ\u00e9e d\u2019anniversaire pr\u00e9vue le 29 novembre. <b>D\u00e8s 16h, elle d\u00e9butera par une c\u00e9r\u00e9monie inaugurale en musique, avec la fanfare FEIS<\/b>. Un radioshow par Artefact prendra ensuite le relais pour raconter au micro, et encore en musique, 10 ans de March\u00e9 Off. La soir\u00e9e se terminera en musique, avec un karaok\u00e9 live g\u00e9ant, organis\u00e9 par les Meteor Hits.<\/p>\n<p class=\"p1\">Pendant toute la journ\u00e9e, des acteurs\/rices historiques du March\u00e9 Off seront l\u00e0 pour faire la f\u00eate ; <b>on nous annonce \u00e9galement la pr\u00e9sence de grand(e)s invit\u00e9(e)s, marraine et parrain de l\u2019\u00e9dition 2025, ainsi que celle de Jeanne Barseghian<\/b>. Enfin, pour les Strasbourgeois(es), il sera possible de participer \u00e0 une tombola, de laisser un mot dans le livre d\u2019or, mais \u00e9galement de repartir avec un souvenir en photo, gr\u00e2ce au photomaton d\u2019Arte.<\/p>\n<p>    <img width=\"800\" height=\"533\" src=\"https:\/\/www.europesays.com\/fr\/wp-content\/uploads\/2025\/11\/france-strasbourg-alsace-marche-de-noel-wr-90-800x533.jpg\" class=\"attachment-image-size-L size-image-size-L\" alt=\"March\u00e9 off de Noel 2024 jouet Place Grimmeissen Petite France\" decoding=\"async\" loading=\"lazy\"  \/>         \u00a9 Wilfried Rion \/ Pokaa <\/p>\n<p>Les \u00e9v\u00e9nements \u00e0 ne pas manquer<\/p>\n<p class=\"p1\">Dans un March\u00e9 Off qui propose encore plus d\u2019une centaine d\u2019\u00e9v\u00e9nements gratuits <a href=\"https:\/\/www.marcheoffstrasbourg.fr\/wp-content\/uploads\/2025\/11\/ProgMarcheOFF2025.pdf\" target=\"_blank\" rel=\"noopener\">dans son programme<\/a>, dont certains payants, quelques-uns sortent du lot. Pour les enfants, on peut mentionner Les Toiles de No\u00ebl, un jeu de piste f\u00e9erique familial m\u00ealant \u00e9nigmes, art et folklore.<b> Le 26 novembre, on pourra go\u00fbter la Soupe Impopulaire, \u00e9v\u00e9nement pr\u00e9par\u00e9 par La Cloche, soutenue par le Cr\u00e9dit Coop\u00e9ratif<\/b>, avec des personnes avec et sans domicile.<\/p>\n<p class=\"p1\">Le 1er d\u00e9cembre, diff\u00e9rents m\u00e9dias locaux [dont Pokaa, ndlr] se r\u00e9uniront pour d\u00e9battre de leur r\u00f4le dans la d\u00e9mocratie,<b> tandis que le 2 d\u00e9cembre la brasserie vosgienne Blessing vous fera d\u00e9couvrir 5 accords fromages\/bi\u00e8res, suivis d\u2019un petit accord surprise<\/b>. Un \u00e9v\u00e9nement payant, suivi d\u2019un concert gratuit de la Strasbourgeoise Joceline, qui pr\u00e9sentera son premier album Lights in Darkness.<\/p>\n<p>    <img width=\"800\" height=\"533\" src=\"https:\/\/www.europesays.com\/fr\/wp-content\/uploads\/2025\/11\/france-strasbourg-alsace-marche-de-noel-wr-89-800x533.jpg\" class=\"attachment-image-size-L size-image-size-L\" alt=\"March\u00e9 off de Noel 2024 Place Grimmeissen Petite France\" decoding=\"async\" loading=\"lazy\"  \/>         \u00a9 Wilfried Rion \/ Pokaa <\/p>\n<p class=\"p1\">Le week-end du 6 et 7 d\u00e9cembre sera tourn\u00e9e autour du handicap et de la d\u00e9construction des st\u00e9r\u00e9otypes. <b>Les Strasbourgeois(es) pourront r\u00e9soudre une enqu\u00eate polici\u00e8re avec des \u00e9nigmes li\u00e9es aux handicaps<\/b>, mais \u00e9galement participer \u00e0 d\u2019autres \u00e9v\u00e9nements, avant que la journ\u00e9e ne se termine par un concert rock le 6.<b> Le 7, ils et elles pourront profiter d\u2019un march\u00e9 de cr\u00e9ateurs\/rices LGBTQIA+<\/b>, une murder party et un spectacle engag\u00e9 et inclusif pour bien cl\u00f4turer le week-end.<\/p>\n<p class=\"p1\">En plus des concerts tous les mardis, le March\u00e9 Off organise un blind test pour ses 10 ans le 12 d\u00e9cembre.<b> Le 13 d\u00e9cembre, il sera temps de se pr\u00e9parer \u00e0 manger, que ce soit son menu de No\u00ebl v\u00e9g\u00e9tal ou participer \u00e0 un escape game culinaire<\/b>. Enfin, le 21 d\u00e9cembre, les familles pourront participer \u00e0 un atelier de flamenco, avant d\u2019encha\u00eener avec un bal folk pour cl\u00f4turer la journ\u00e9e.<\/p>\n<p>    <img width=\"800\" height=\"533\" src=\"https:\/\/www.europesays.com\/fr\/wp-content\/uploads\/2025\/11\/france-strasbourg-alsace-marche-de-noel-wr-91-800x533.jpg\" class=\"attachment-image-size-L size-image-size-L\" alt=\"March\u00e9 off de Noel 2024 Huiles Place Grimmeissen Petite France\" decoding=\"async\" loading=\"lazy\"  \/>         \u00a9 Wilfried Rion \/ Pokaa <\/p>\n<p>Les derni\u00e8res infos pratiques<\/p>\n<p class=\"p1\">Se d\u00e9roulant du 26 novembre au 24 d\u00e9cembre, de 11h30 \u00e0 21h, le March\u00e9 Off ne changera pas une \u00e9quipe qui gagne pour son 10e anniversaire, et continuera d\u2019op\u00e9rer selon ses valeurs de solidarit\u00e9. <b>Il y aura par exemple des toilettes s\u00e8ches pour les exposant(e)s et visiteurs\/ses prioritaires comme les personnes \u00e2g\u00e9es et personnes enceintes<\/b>, ainsi que le syst\u00e8me de caf\u00e9s ou boissons suspendus o\u00f9 les Strasbourgeois(es) pourront payer un caf\u00e9 ou une boisson en avance pour une personne dans le besoin.<\/p>\n<p class=\"p1\">Surtout, on pourra retrouver pour la troisi\u00e8me ann\u00e9e de suite une Safe Zone\u00a0pour se mettre au calme, avec des balles antistress, casques anti-bruit et couvertures. Nouveaut\u00e9 cette ann\u00e9e, <b>un espace d\u00e9di\u00e9 aux parents et nourrissons avec micro-onde, table \u00e0 langer et fauteuil confortable<\/b>, pour rendre le March\u00e9 Off plus accessible m\u00eame aux plus petit(e)s. <b>De quoi f\u00eater comme il se doit, et avec l\u2019ensemble des Strasbourgeois(es), les 10 ans d\u2019un \u00e9v\u00e9nement incontournable<\/b>.<\/p>\n<p>    <img width=\"800\" height=\"533\" src=\"https:\/\/www.europesays.com\/fr\/wp-content\/uploads\/2025\/11\/france-strasbourg-alsace-marche-de-noel-wr-92-800x533.jpg\" class=\"attachment-image-size-L size-image-size-L\" alt=\"March\u00e9 off de Noel 2024 Cacao Experience Place Grimmeissen Petite France\" decoding=\"async\" loading=\"lazy\"  \/>         \u00a9 Wilfried Rion \/ Pokaa <\/p>\n<p>            March\u00e9 Off 2025 &#8211; Les 10 Ans<\/p>\n<p>            Quoi ?<br \/>\n            March\u00e9 de No\u00ebl solidaire autour de la consommation responsable<\/p>\n<p>                Quand ?<br \/>\n                Du 27 novembre au 24 d\u00e9cembre, de 11h30 \u00e0 21h<\/p>\n<p>            o\u00f9 ?<br \/>\n            Place Grimmeissen, \u00e0 Strasbourg<\/p>\n<p>                Plus d&rsquo;infos ?<\/p>\n<p><a href=\"https:\/\/www.marcheoffstrasbourg.fr\/wp-content\/uploads\/2025\/11\/ProgMarcheOFF2025.pdf\" target=\"_blank\" rel=\"noopener\">Tout le programme<\/a><\/p>\n","protected":false},"excerpt":{"rendered":"En 2025, le March\u00e9 Off de Strasbourg f\u00eate ses 10 ans, du 26 novembre au 24 d\u00e9cembre. \u00c0&hellip;\n","protected":false},"author":2,"featured_media":547804,"comment_status":"","ping_status":"","sticky":false,"template":"","format":"standard","meta":{"footnotes":""},"categories":[2820],"tags":[1111,11,1777,674,1011,27,775,66561,63445,12,15830,25,640,58524],"class_list":{"0":"post-547803","1":"post","2":"type-post","3":"status-publish","4":"format-standard","5":"has-post-thumbnail","7":"category-strasbourg","8":"tag-actu","9":"tag-actualites","10":"tag-eu","11":"tag-europe","12":"tag-fr","13":"tag-france","14":"tag-grand-est","15":"tag-marche-de-noel-strasbourg","16":"tag-marche-off","17":"tag-news","18":"tag-noel","19":"tag-republique-francaise","20":"tag-strasbourg","21":"tag-strasbourg-actualite"},"share_on_mastodon":{"url":"https:\/\/pubeurope.com\/@fr\/115584405688570833","error":""},"_links":{"self":[{"href":"https:\/\/www.europesays.com\/fr\/wp-json\/wp\/v2\/posts\/547803","targetHints":{"allow":["GET"]}}],"collection":[{"href":"https:\/\/www.europesays.com\/fr\/wp-json\/wp\/v2\/posts"}],"about":[{"href":"https:\/\/www.europesays.com\/fr\/wp-json\/wp\/v2\/types\/post"}],"author":[{"embeddable":true,"href":"https:\/\/www.europesays.com\/fr\/wp-json\/wp\/v2\/users\/2"}],"replies":[{"embeddable":true,"href":"https:\/\/www.europesays.com\/fr\/wp-json\/wp\/v2\/comments?post=547803"}],"version-history":[{"count":0,"href":"https:\/\/www.europesays.com\/fr\/wp-json\/wp\/v2\/posts\/547803\/revisions"}],"wp:featuredmedia":[{"embeddable":true,"href":"https:\/\/www.europesays.com\/fr\/wp-json\/wp\/v2\/media\/547804"}],"wp:attachment":[{"href":"https:\/\/www.europesays.com\/fr\/wp-json\/wp\/v2\/media?parent=547803"}],"wp:term":[{"taxonomy":"category","embeddable":true,"href":"https:\/\/www.europesays.com\/fr\/wp-json\/wp\/v2\/categories?post=547803"},{"taxonomy":"post_tag","embeddable":true,"href":"https:\/\/www.europesays.com\/fr\/wp-json\/wp\/v2\/tags?post=547803"}],"curies":[{"name":"wp","href":"https:\/\/api.w.org\/{rel}","templated":true}]}}