{"id":547811,"date":"2025-11-20T22:36:37","date_gmt":"2025-11-20T22:36:37","guid":{"rendered":"https:\/\/www.europesays.com\/fr\/547811\/"},"modified":"2025-11-20T22:36:37","modified_gmt":"2025-11-20T22:36:37","slug":"voyage-a-nantes-en-hiver-concerts-de-cloches-et-parcours-sonore-inedit-dans-les-douves-du","status":"publish","type":"post","link":"https:\/\/www.europesays.com\/fr\/547811\/","title":{"rendered":"Voyage \u00e0 Nantes en hiver : concerts de cloches et parcours sonore in\u00e9dit dans les douves du"},"content":{"rendered":"<tr wp_automatic_readability=\"2.9333333333333\">\n<td valign=\"middle\" align=\"center\" class=\"col-logo\">\n    <img decoding=\"async\" src=\"https:\/\/www.europesays.com\/fr\/wp-content\/uploads\/2025\/04\/presse-ocean.gif\" alt=\"logo Presse-Oc\u00e9an\" height=\"66\"\/><\/p>\n<\/td>\n<td class=\"col-titre\">\n\t\t\tJeudi 20 novembre 2025 18:28<br \/>\n\t\t\t<a class=\"icon-bulle sizeL count\" href=\"#ancreAvis\"><br \/>\n\t&#8230;<br \/>\n<\/a><\/td>\n<\/tr>\n<p>\t\t<a class=\"mavillebox2 elmt-photo\" href=\"https:\/\/maville.com\/photosmvi\/2025\/11\/20\/P35592370D7072927G.jpg\" title=\" Depuis la premi\u00e8re \u00e9dition du Voyage en hiver, Dominique Blais met en mouvement le son des clochers de la ville.  \u00a9  Photo Presse Oc\u00e9an - Nathalie Bourreau  \" rel=\"galerie_actu noopener\" target=\"_blank\"><br \/>\n\t<img decoding=\"async\" src=\"https:\/\/www.europesays.com\/fr\/wp-content\/uploads\/2025\/11\/P35592370D7072927G_crop_640-330_.jpg\" alt=\"photo  depuis la premi\u00e8re \u00e9dition du voyage en hiver, dominique blais met en mouvement le son des clochers de la ville.  \u00a9  photo presse oc\u00e9an - nathalie bourreau \"\/><br \/>\n\t2<br \/>\n<\/a><\/p>\n<p class=\"elmt-legende\"> Depuis la premi\u00e8re \u00e9dition du Voyage en hiver, Dominique Blais met en mouvement le son des clochers de la ville.  \u00a9  Photo Presse Oc\u00e9an &#8211; Nathalie Bourreau  <\/p>\n<p><a class=\"mavillebox2\" href=\"https:\/\/maville.com\/photosmvi\/2025\/11\/20\/P35592371D7072927G.jpg\" title=\"Le bourdon sera accompagn\u00e9 d\u2019autres cloches qui vont venir jouer avec. \u00a9  Presse Oc\u00e9an - Nathalie Bourreau \" rel=\"galerie_actu noopener\" target=\"_blank\"><\/p>\n<p>\t\tAu c\u0153ur du Voyage \u00e0 Nantes en hiver 2025, le bourdon Robert, pr\u00eat\u00e9 par l\u2019abbaye de Fontevraud, rythme les temps forts sonores de la ville. Entre mini-concerts, r\u00e9sonances aquatiques et diffusion in\u00e9dite, les visiteurs d\u00e9couvrent une exp\u00e9rience immersive o\u00f9 cloches et paysages urbains se m\u00ealent dans une \u0153uvre contemplative.<\/p>\n<p><b>Cet article est r\u00e9serv\u00e9 aux abonn\u00e9s<\/b><\/p>\n<p>Pour un acc\u00e8s imm\u00e9diat, abonnez-vous<\/p>\n<p><b>1\u00e8re semaine offerte<\/b><\/p>\n<p>\t\t Julie Charrier-J\u00e9go \u00a0\u00a0<br \/>\n\t\tPresse-Oc\u00e9an<\/p>\n<p>Retrouvez d&rsquo;autres actus sur la commune de :<\/p>\n<p>\t\t&#13;<\/p>\n","protected":false},"excerpt":{"rendered":"Jeudi 20 novembre 2025 18:28 &#8230; 2 Depuis la premi\u00e8re \u00e9dition du Voyage en hiver, Dominique Blais met&hellip;\n","protected":false},"author":2,"featured_media":547812,"comment_status":"","ping_status":"","sticky":false,"template":"","format":"standard","meta":{"footnotes":""},"categories":[2818],"tags":[1111,11,4811,29047,4156,66562,1777,674,1011,27,6736,17677,766,12,12618,2636,25,16208,586],"class_list":{"0":"post-547811","1":"post","2":"type-post","3":"status-publish","4":"format-standard","5":"has-post-thumbnail","7":"category-nantes","8":"tag-actu","9":"tag-actualites","10":"tag-chateau","11":"tag-cloches","12":"tag-concerts","13":"tag-douves","14":"tag-eu","15":"tag-europe","16":"tag-fr","17":"tag-france","18":"tag-hiver","19":"tag-inedit","20":"tag-nantes","21":"tag-news","22":"tag-parcours","23":"tag-pays-de-la-loire","24":"tag-republique-francaise","25":"tag-sonore","26":"tag-voyage"},"share_on_mastodon":{"url":"https:\/\/pubeurope.com\/@fr\/115584421021663297","error":""},"_links":{"self":[{"href":"https:\/\/www.europesays.com\/fr\/wp-json\/wp\/v2\/posts\/547811","targetHints":{"allow":["GET"]}}],"collection":[{"href":"https:\/\/www.europesays.com\/fr\/wp-json\/wp\/v2\/posts"}],"about":[{"href":"https:\/\/www.europesays.com\/fr\/wp-json\/wp\/v2\/types\/post"}],"author":[{"embeddable":true,"href":"https:\/\/www.europesays.com\/fr\/wp-json\/wp\/v2\/users\/2"}],"replies":[{"embeddable":true,"href":"https:\/\/www.europesays.com\/fr\/wp-json\/wp\/v2\/comments?post=547811"}],"version-history":[{"count":0,"href":"https:\/\/www.europesays.com\/fr\/wp-json\/wp\/v2\/posts\/547811\/revisions"}],"wp:featuredmedia":[{"embeddable":true,"href":"https:\/\/www.europesays.com\/fr\/wp-json\/wp\/v2\/media\/547812"}],"wp:attachment":[{"href":"https:\/\/www.europesays.com\/fr\/wp-json\/wp\/v2\/media?parent=547811"}],"wp:term":[{"taxonomy":"category","embeddable":true,"href":"https:\/\/www.europesays.com\/fr\/wp-json\/wp\/v2\/categories?post=547811"},{"taxonomy":"post_tag","embeddable":true,"href":"https:\/\/www.europesays.com\/fr\/wp-json\/wp\/v2\/tags?post=547811"}],"curies":[{"name":"wp","href":"https:\/\/api.w.org\/{rel}","templated":true}]}}