{"id":547819,"date":"2025-11-20T22:40:18","date_gmt":"2025-11-20T22:40:18","guid":{"rendered":"https:\/\/www.europesays.com\/fr\/547819\/"},"modified":"2025-11-20T22:40:18","modified_gmt":"2025-11-20T22:40:18","slug":"photovoltaique-bioclimatique-linnovation-sinvite-dans-les-logements-sociaux-a-toulouse","status":"publish","type":"post","link":"https:\/\/www.europesays.com\/fr\/547819\/","title":{"rendered":"Photovolta\u00efque, bioclimatique\u2026 L\u2019innovation s\u2019invite dans les logements sociaux \u00e0 Toulouse"},"content":{"rendered":"<p><strong>Toulouse M\u00e9tropole Habitat a d\u00e9cid\u00e9 de miser sur deux projets pilotes pour anticiper les d\u00e9fis \u00e9nerg\u00e9tiques \u00e0 venir : autoconsommation collective \u00e0 Castelmaurou et future r\u00e9sidence bioclimatique \u00e0 Bordelongue.<\/strong><\/p>\n<p><img fetchpriority=\"high\" decoding=\"async\" width=\"1200\" height=\"799\" src=\"https:\/\/www.europesays.com\/fr\/wp-content\/uploads\/2025\/11\/Photovoltaique.jpg\" alt=\"toulouse\"  \/><\/p>\n<p>144 panneaux photovolta\u00efques ont \u00e9t\u00e9 install\u00e9s sur les b\u00e2timents du Hameau d\u2019Estella (illustration) \u00a9 wjarek \/ Depositphotos.com<\/p>\n<p>\u00ab Anticiper les enjeux \u00e9nerg\u00e9tiques et climatiques, c\u2019est une responsabilit\u00e9 majeure pour un bailleur social comme le n\u00f4tre \u00bb, d\u00e9clare Bertrand Serp, pr\u00e9sident de Toulouse M\u00e9tropole Habitat. C\u2019est pourquoi il a d\u00e9cid\u00e9 \u00ab d\u2019innover pour <strong>permettre \u00e0 chaque locataire de mieux consommer et de <a href=\"https:\/\/www.lejournaltoulousain.fr\/occitanie\/haute-garonne\/toulouse\/immobilier-toulouse-metropole-habitat-allege-les-frais-de-notaire-230047\/\" target=\"_blank\" rel=\"noopener\">faire des \u00e9conomies<\/a><\/strong>, tout en accompagnant la transition \u00e9cologique du territoire m\u00e9tropolitain \u00bb. Et ce,  \u00e0 travers deux projets pilotes : le Hameau d\u2019Estella \u00e0 Castelmaurou et le projet de r\u00e9sidence Clim\u00e9a \u00e0 Bordelongue.<\/p>\n<p>En quoi consistent les projets de Toulouse M\u00e9tropole Habitat ?<\/p>\n<p>Concernant le premier, il s\u2019agit d\u2019une <strong>exp\u00e9rimentation d\u2019autoconsommation collective<\/strong>. En clair, 144 panneaux photovolta\u00efques ont \u00e9t\u00e9 install\u00e9s sur trois des quatre b\u00e2timents du site afin de produire l\u2019\u00e9nergie n\u00e9cessaire \u00e0 l\u2019alimentation de ces immeubles. \u00ab Le syst\u00e8me permet de mutualiser la production d\u2019\u00e9lectricit\u00e9 solaire entre les parties communes et les logements dont les habitants ont choisi d\u2019adh\u00e9rer au programme. Aujourd\u2019hui, plus de 50 % des locataires participent \u00e0 cette d\u00e9marche, r\u00e9alisant jusqu\u2019\u00e0 40 % d\u2019\u00e9conomies sur leur facture d\u2019\u00e9lectricit\u00e9 gr\u00e2ce \u00e0 des gestes simples, notamment en privil\u00e9giant leurs usages \u00e9lectriques en journ\u00e9e \u00bb, explique <a href=\"https:\/\/www.toulouse-metropole-habitat.fr\/\" target=\"_blank\" rel=\"noopener\">TMH<\/a> qui est le premier bailleur social de Haute-Garonne \u00e0 mettre en \u0153uvre un dispositif d\u2019autoconsommation collective.<\/p>\n<p>De son c\u00f4t\u00e9, le projet de r\u00e9sidence, dont la livraison est pr\u00e9vue fin 2026, est innovant de par sa <strong>conception bioclimatique<\/strong>. Compos\u00e9 de 81 logements r\u00e9partis en cinq b\u00e2timents, il a effectivement \u00e9t\u00e9 \u00ab con\u00e7u pour anticiper le confort d\u2019\u00e9t\u00e9 \u00e0 l\u2019horizon 2050 \u00bb. Et ce, \u00ab sans recourir \u00e0 la climatisation \u00bb. Pour cela, TMH a mis\u00e9 sur \u00ab les meilleurs principes de construction passive et de sobri\u00e9t\u00e9 \u00e9nerg\u00e9tique : mat\u00e9riaux g\u00e9o- et biosourc\u00e9s, enveloppe en terre crue, ventilation naturelle gr\u00e2ce \u00e0 une double orientation, protection solaire via des loggias \u00e9quip\u00e9es de volets persiennes\u201d, mais aussi \u00ab des dispositifs de production d\u2019\u00e9lectricit\u00e9 photovolta\u00efque pour l\u2019eau chaude sanitaire, un syst\u00e8me de chauffage g\u00e9othermique avec \u201cg\u00e9ocooling\u201d pour le rafra\u00eechissement d\u2019\u00e9t\u00e9 \u00bb. En plus de \u00e7a, la r\u00e9sidence disposera d\u2019une micro-for\u00eat urbaine de 750 arbres et arbustes \u00ab afin de renforcer la fra\u00eecheur et la biodiversit\u00e9 \u00bb. <\/p>\n","protected":false},"excerpt":{"rendered":"Toulouse M\u00e9tropole Habitat a d\u00e9cid\u00e9 de miser sur deux projets pilotes pour anticiper les d\u00e9fis \u00e9nerg\u00e9tiques \u00e0 venir&hellip;\n","protected":false},"author":2,"featured_media":547820,"comment_status":"","ping_status":"","sticky":false,"template":"","format":"standard","meta":{"footnotes":""},"categories":[2816],"tags":[1111,11,66563,1777,674,1011,27,12,2680,27873,25,2312],"class_list":{"0":"post-547819","1":"post","2":"type-post","3":"status-publish","4":"format-standard","5":"has-post-thumbnail","7":"category-toulouse","8":"tag-actu","9":"tag-actualites","10":"tag-bioclimatiqueu2026-lu2019innovation-su2019invite-dans-les-logements-sociaux-u00e0-toulouse","11":"tag-eu","12":"tag-europe","13":"tag-fr","14":"tag-france","15":"tag-news","16":"tag-occitanie","17":"tag-photovoltau00efque","18":"tag-republique-francaise","19":"tag-toulouse"},"share_on_mastodon":{"url":"https:\/\/pubeurope.com\/@fr\/115584436890590877","error":""},"_links":{"self":[{"href":"https:\/\/www.europesays.com\/fr\/wp-json\/wp\/v2\/posts\/547819","targetHints":{"allow":["GET"]}}],"collection":[{"href":"https:\/\/www.europesays.com\/fr\/wp-json\/wp\/v2\/posts"}],"about":[{"href":"https:\/\/www.europesays.com\/fr\/wp-json\/wp\/v2\/types\/post"}],"author":[{"embeddable":true,"href":"https:\/\/www.europesays.com\/fr\/wp-json\/wp\/v2\/users\/2"}],"replies":[{"embeddable":true,"href":"https:\/\/www.europesays.com\/fr\/wp-json\/wp\/v2\/comments?post=547819"}],"version-history":[{"count":0,"href":"https:\/\/www.europesays.com\/fr\/wp-json\/wp\/v2\/posts\/547819\/revisions"}],"wp:featuredmedia":[{"embeddable":true,"href":"https:\/\/www.europesays.com\/fr\/wp-json\/wp\/v2\/media\/547820"}],"wp:attachment":[{"href":"https:\/\/www.europesays.com\/fr\/wp-json\/wp\/v2\/media?parent=547819"}],"wp:term":[{"taxonomy":"category","embeddable":true,"href":"https:\/\/www.europesays.com\/fr\/wp-json\/wp\/v2\/categories?post=547819"},{"taxonomy":"post_tag","embeddable":true,"href":"https:\/\/www.europesays.com\/fr\/wp-json\/wp\/v2\/tags?post=547819"}],"curies":[{"name":"wp","href":"https:\/\/api.w.org\/{rel}","templated":true}]}}