{"id":54782,"date":"2025-04-26T16:20:08","date_gmt":"2025-04-26T16:20:08","guid":{"rendered":"https:\/\/www.europesays.com\/fr\/54782\/"},"modified":"2025-04-26T16:20:08","modified_gmt":"2025-04-26T16:20:08","slug":"peut-etre-quil-me-balade-depuis-le-debut-ecrit-trump-au-sujet-de-poutine-liberation","status":"publish","type":"post","link":"https:\/\/www.europesays.com\/fr\/54782\/","title":{"rendered":"\u00abPeut-\u00eatre qu\u2019il me balade depuis le d\u00e9but\u00bb, \u00e9crit Trump au sujet de Poutine \u2013 Lib\u00e9ration"},"content":{"rendered":"<p class=\"sc-ksZaOG ehjQrN text-element\">Souvent Trump varie, bien malin qui s\u2019y fie. Au lendemain de la parution <a href=\"https:\/\/www.liberation.fr\/international\/amerique\/la-crimee-a-la-russie-le-coup-de-fil-avec-xi-jinping-le-nucleaire-iranien-ce-quil-faut-retenir-des-declarations-de-donald-trump-au-time-magazine-20250425_QO5GPIULNBCJLG6KASNUG74ROA\/\" target=\"_blank\" rel=\"noreferrer nofollow noopener\" title=\"https:\/\/www.liberation.fr\/international\/amerique\/la-crimee-a-la-russie-le-coup-de-fil-avec-xi-jinping-le-nucleaire-iranien-ce-quil-faut-retenir-des-declarations-de-donald-trump-au-time-magazine-20250425_QO5GPIULNBCJLG6KASNUG74ROA\/\">d\u2019une interview au magazine Time<\/a> o\u00f9 il reprenait le narratif du Kremlin, qui rend l\u2019Ukraine responsable de l\u2019invasion russe, le pr\u00e9sident am\u00e9ricain a de nouveau bouscul\u00e9 le jeu diplomatique autour de la guerre en Ukraine en visant cette fois Vladimir Poutine.<\/p>\n<p class=\"sc-ksZaOG ehjQrN text-element\">Pendant son vol retour de Rome, samedi 26\u00a0avril, o\u00f9 il avait assist\u00e9 \u00e0 la messe pour <a href=\"https:\/\/www.liberation.fr\/societe\/religions\/en-direct-funerailles-du-pape-francois-la-place-saint-pierre-ouverte-au-public-20250426_5U6XW7UZ3BDQDFMV7MRRCDCCPQ\/\" target=\"_blank\" rel=\"noreferrer nofollow noopener\" title=\"https:\/\/www.liberation.fr\/societe\/religions\/en-direct-funerailles-du-pape-francois-la-place-saint-pierre-ouverte-au-public-20250426_5U6XW7UZ3BDQDFMV7MRRCDCCPQ\/\">les fun\u00e9railles du pape Fran\u00e7ois,<\/a> le pr\u00e9sident am\u00e9ricain s\u2019est livr\u00e9 \u00e0 un de ses messages incendiaires habituels sur son r\u00e9seau Truth Social. Dans une de ses attaques ordinaires contre la presse et en particulier un article du New York Times sur la nature des n\u00e9gociations de cessez-le-feu entre l\u2019Ukraine et la Russie, le pr\u00e9sident s\u2019est montr\u00e9 plus s\u00e9v\u00e8re \u00e0 l\u2019\u00e9gard de la Russie, reprochant \u00e0 Vladimir Poutine <a href=\"https:\/\/www.liberation.fr\/international\/europe\/en-ukraine-kyiv-bombarde-au-rythme-des-negociations-russo-americaines-20250424_VBD3XDMU4RBFDFE7SVCQMRTSIE\/\" target=\"_blank\" rel=\"noreferrer nofollow noopener\" title=\"https:\/\/www.liberation.fr\/international\/europe\/en-ukraine-kyiv-bombarde-au-rythme-des-negociations-russo-americaines-20250424_VBD3XDMU4RBFDFE7SVCQMRTSIE\/\">les attaques des derniers jours sur des cibles peupl\u00e9es de civils.<\/a><\/p>\n<p class=\"sc-ksZaOG ehjQrN text-element\">\u00abIl n\u2019y avait aucune raison pour que Poutine tire des missiles sur des zones civiles, des villes, des villages, ces derniers jours\u00bb, a temp\u00eat\u00e9 le r\u00e9publicain, qui avait d\u00e9j\u00e0 intim\u00e9 \u00e0 son homologue russe, quelques jours plus t\u00f4t\u00a0: <a href=\"https:\/\/www.liberation.fr\/international\/europe\/guerre-en-ukraine-attaque-de-missiles-russes-sur-kyiv-dans-la-nuit-9-morts-et-63-blesses-20250424_SS2YXXAI3NC6XBAVTUNGW757BU\/\" target=\"_blank\" rel=\"noreferrer nofollow noopener\" title=\"https:\/\/www.liberation.fr\/international\/europe\/guerre-en-ukraine-attaque-de-missiles-russes-sur-kyiv-dans-la-nuit-9-morts-et-63-blesses-20250424_SS2YXXAI3NC6XBAVTUNGW757BU\/\">\u00abVladimir, ARR\u00caTE\u00a0!\u00bb<\/a> Une demande formul\u00e9e apr\u00e8s des bombardements de l\u2019arm\u00e9e russe sur Kyiv dans la nuit du mercredi\u00a023 au jeudi 24\u00a0avril, faisant douze morts et 90 bless\u00e9s.<\/p>\n<p class=\"sc-ksZaOG ehjQrN text-element\">Des op\u00e9rations militaires qui semblent amener Trump \u00e0 revenir en partie sur la foi qu\u2019il accorde \u00e0 Vladimir Poutine. Les frappes sur les civils \u00abme font penser que peut-\u00eatre, en r\u00e9alit\u00e9, il ne veut pas mettre fin \u00e0 la guerre. Il est juste en train de me balader.\u00bb Et de menacer d\u2019\u00e9largir le train de sanctions contre Moscou\u00a0: \u00abIl va falloir s\u2019y prendre autrement avec lui, peut-\u00eatre avec des sanctions bancaires ou des sanctions secondaires\u00a0? Trop de gens meurent\u00a0!!!\u00bb<\/p>\n<p class=\"sc-ksZaOG ehjQrN text-element\">Quelques heures plus t\u00f4t, le locataire de la Maison Blanche <a href=\"https:\/\/www.liberation.fr\/international\/europe\/funerailles-de-francois-zelensky-et-trump-pourraient-se-rencontrer-20250426_42S4Z7ZC3BGZNEXDR5CSPSFBDY\/\" target=\"_blank\" rel=\"noreferrer nofollow noopener\" title=\"https:\/\/www.liberation.fr\/international\/europe\/funerailles-de-francois-zelensky-et-trump-pourraient-se-rencontrer-20250426_42S4Z7ZC3BGZNEXDR5CSPSFBDY\/\">avait rencontr\u00e9 le pr\u00e9sident ukrainien Volodymyr Zelensky \u00e0 Rome<\/a>, en marge des fun\u00e9railles du pape Fran\u00e7ois, un \u00e9change positif d\u2019apr\u00e8s les deux parties. Dans le m\u00eame temps samedi, Moscou avait fait savoir que le pr\u00e9sident russe a dit \u00e0 l\u2019\u00e9missaire de Donald Trump, Steve Witkoff, lors de leur entretien vendredi, \u00eatre pr\u00eat \u00e0 n\u00e9gocier l\u2019issue du conflit en Ukraine \u00absans aucune condition pr\u00e9alable\u00bb.<\/p>\n","protected":false},"excerpt":{"rendered":"Souvent Trump varie, bien malin qui s\u2019y fie. Au lendemain de la parution d\u2019une interview au magazine Time&hellip;\n","protected":false},"author":2,"featured_media":54783,"comment_status":"","ping_status":"","sticky":false,"template":"","format":"standard","meta":{"footnotes":""},"categories":[5],"tags":[11,75,73,1011,27,14,12,132,220,297,135,134,28],"class_list":{"0":"post-54782","1":"post","2":"type-post","3":"status-publish","4":"format-standard","5":"has-post-thumbnail","7":"category-international","8":"tag-actualites","9":"tag-donald-trump","10":"tag-etats-unis","11":"tag-fr","12":"tag-france","13":"tag-international","14":"tag-news","15":"tag-russie","16":"tag-ukraine","17":"tag-ukraine-la-crise","18":"tag-vladimir-poutine","19":"tag-volodymyr-zelensky","20":"tag-world"},"share_on_mastodon":{"url":"https:\/\/pubeurope.com\/@fr\/114405181009170998","error":""},"_links":{"self":[{"href":"https:\/\/www.europesays.com\/fr\/wp-json\/wp\/v2\/posts\/54782","targetHints":{"allow":["GET"]}}],"collection":[{"href":"https:\/\/www.europesays.com\/fr\/wp-json\/wp\/v2\/posts"}],"about":[{"href":"https:\/\/www.europesays.com\/fr\/wp-json\/wp\/v2\/types\/post"}],"author":[{"embeddable":true,"href":"https:\/\/www.europesays.com\/fr\/wp-json\/wp\/v2\/users\/2"}],"replies":[{"embeddable":true,"href":"https:\/\/www.europesays.com\/fr\/wp-json\/wp\/v2\/comments?post=54782"}],"version-history":[{"count":0,"href":"https:\/\/www.europesays.com\/fr\/wp-json\/wp\/v2\/posts\/54782\/revisions"}],"wp:featuredmedia":[{"embeddable":true,"href":"https:\/\/www.europesays.com\/fr\/wp-json\/wp\/v2\/media\/54783"}],"wp:attachment":[{"href":"https:\/\/www.europesays.com\/fr\/wp-json\/wp\/v2\/media?parent=54782"}],"wp:term":[{"taxonomy":"category","embeddable":true,"href":"https:\/\/www.europesays.com\/fr\/wp-json\/wp\/v2\/categories?post=54782"},{"taxonomy":"post_tag","embeddable":true,"href":"https:\/\/www.europesays.com\/fr\/wp-json\/wp\/v2\/tags?post=54782"}],"curies":[{"name":"wp","href":"https:\/\/api.w.org\/{rel}","templated":true}]}}