{"id":547825,"date":"2025-11-20T22:43:16","date_gmt":"2025-11-20T22:43:16","guid":{"rendered":"https:\/\/www.europesays.com\/fr\/547825\/"},"modified":"2025-11-20T22:43:16","modified_gmt":"2025-11-20T22:43:16","slug":"lol-monaco-et-lille-a-lattaque-de-larbitrage","status":"publish","type":"post","link":"https:\/\/www.europesays.com\/fr\/547825\/","title":{"rendered":"L\u2019OL, Monaco et Lille \u00e0 l&rsquo;attaque de l\u2019arbitrage"},"content":{"rendered":"<p><b>Face aux critiques toujours plus soutenues \u00e0 propos des arbitres fran\u00e7ais et de la VAR, certains clubs de Ligue 1, comme l\u2019OL, ont d\u00e9cid\u00e9 de lancer un groupe de travail pour r\u00e9former l&rsquo;arbitrage.<\/b><\/p>\n<p>Depuis le d\u00e9but de la saison, les critiques autour des d\u00e9cisions arbitrales sont de plus en plus nombreuses. Juste avant la tr\u00eave internationale de novembre, l\u2019affiche de Ligue 1 entre Lyon et le PSG avait par exemple irrit\u00e9 beaucoup de supporters de l\u2019OL par rapport aux d\u00e9cisions prises par l\u2019arbitre Beno\u00eet Bastien. Malgr\u00e9 une certaine col\u00e8re par rapport \u00e0 des faits de jeu en sa d\u00e9faveur, Lyon a quand m\u00eame particip\u00e9 \u00e0 une r\u00e9union avec le corps arbitral fran\u00e7ais \u00e0 Paris cette semaine. Repr\u00e9sent\u00e9 par Daniel Congr\u00e9, Lyon a constat\u00e9 que l\u2019arbitrage fran\u00e7ais veut faire des efforts pour fluidifier ses relations avec les acteurs et mieux faire comprendre le fonctionnement de la VAR. En marge de cette r\u00e9union, Micha\u00ebl Gerlinger a d\u00e9cid\u00e9 de s&rsquo;associer \u00e0 Olivier L\u00e9tang (LOSC) et Thiago Scuro (Monaco) pour former une \u00e9tude europ\u00e9enne sur l\u2019arbitrage.<\/p>\n<p>L\u2019OL lance un groupe de travail sur l\u2019arbitrage\u00ab En Allemagne, il n\u2019y a pas ces discussions permanentes chaque semaine comme en France. C\u2019est la meilleure mesure d\u2019efficacit\u00e9 possible \u00bb, a soulign\u00e9 le directeur g\u00e9n\u00e9ral de l\u2019<a href=\"https:\/\/www.foot01.com\/ol\" target=\"_self\" rel=\"nofollow noopener\">OL<\/a> dans les colonnes du <a href=\"https:\/\/c.leprogres.fr\/sport\/2025\/11\/20\/arbitrage-var-avec-scuro-(monaco)-et-letang-(losc)-michael-gerlinger-lance-un-groupe-de-travail\" target=\"_blank\" rel=\"nofollow noopener\">Progr\u00e8s<\/a>. Voulant en finir avec les d\u00e9bats interminables sur les erreurs d\u2019arbitrage, l\u2019OL compte prendre le probl\u00e8me \u00e0 bras-le-corps en faisant des \u00e9tudes des pratiques \u00e0 l\u2019international. Avec ce groupe de travail, les dirigeants fran\u00e7ais vont chercher \u00e0 r\u00e9pondre \u00e0 plusieurs questions, que ce soit \u00e0 propos du nombre d\u2019angles de visionnage avec la VAR, de l&rsquo;introduction d\u2019un challenge par entra\u00eeneur, ou des sanctions pour un arbitre ayant commis une erreur manifeste. Apr\u00e8s de multiples analyses, ce groupe de travail pourrait effectuer des propositions afin d\u2019am\u00e9liorer l&rsquo;arbitrage. Mais pas s\u00fbr toutefois que cela puisse aboutir \u00e0 quelque chose de s\u00e9rieux, sachant que les instances nationales n\u2019ont pas d\u2019autre choix que de se plier aux textes de l\u2019International Football Association Board. <\/p>\n","protected":false},"excerpt":{"rendered":"Face aux critiques toujours plus soutenues \u00e0 propos des arbitres fran\u00e7ais et de la VAR, certains clubs de&hellip;\n","protected":false},"author":2,"featured_media":547826,"comment_status":"","ping_status":"","sticky":false,"template":"","format":"standard","meta":{"footnotes":""},"categories":[2815],"tags":[1111,11,1777,674,1011,27,811,66,1307,12,25],"class_list":{"0":"post-547825","1":"post","2":"type-post","3":"status-publish","4":"format-standard","5":"has-post-thumbnail","7":"category-lille","8":"tag-actu","9":"tag-actualites","10":"tag-eu","11":"tag-europe","12":"tag-fr","13":"tag-france","14":"tag-hauts-de-france","15":"tag-ligue-1","16":"tag-lille","17":"tag-news","18":"tag-republique-francaise"},"share_on_mastodon":{"url":"https:\/\/pubeurope.com\/@fr\/115584447581223832","error":""},"_links":{"self":[{"href":"https:\/\/www.europesays.com\/fr\/wp-json\/wp\/v2\/posts\/547825","targetHints":{"allow":["GET"]}}],"collection":[{"href":"https:\/\/www.europesays.com\/fr\/wp-json\/wp\/v2\/posts"}],"about":[{"href":"https:\/\/www.europesays.com\/fr\/wp-json\/wp\/v2\/types\/post"}],"author":[{"embeddable":true,"href":"https:\/\/www.europesays.com\/fr\/wp-json\/wp\/v2\/users\/2"}],"replies":[{"embeddable":true,"href":"https:\/\/www.europesays.com\/fr\/wp-json\/wp\/v2\/comments?post=547825"}],"version-history":[{"count":0,"href":"https:\/\/www.europesays.com\/fr\/wp-json\/wp\/v2\/posts\/547825\/revisions"}],"wp:featuredmedia":[{"embeddable":true,"href":"https:\/\/www.europesays.com\/fr\/wp-json\/wp\/v2\/media\/547826"}],"wp:attachment":[{"href":"https:\/\/www.europesays.com\/fr\/wp-json\/wp\/v2\/media?parent=547825"}],"wp:term":[{"taxonomy":"category","embeddable":true,"href":"https:\/\/www.europesays.com\/fr\/wp-json\/wp\/v2\/categories?post=547825"},{"taxonomy":"post_tag","embeddable":true,"href":"https:\/\/www.europesays.com\/fr\/wp-json\/wp\/v2\/tags?post=547825"}],"curies":[{"name":"wp","href":"https:\/\/api.w.org\/{rel}","templated":true}]}}