{"id":547827,"date":"2025-11-20T22:44:14","date_gmt":"2025-11-20T22:44:14","guid":{"rendered":"https:\/\/www.europesays.com\/fr\/547827\/"},"modified":"2025-11-20T22:44:14","modified_gmt":"2025-11-20T22:44:14","slug":"incendie-dans-un-batiment-dhabitation-de-4-etages-aux-balustres-dans-le-13e-arrondissement-de-marseille","status":"publish","type":"post","link":"https:\/\/www.europesays.com\/fr\/547827\/","title":{"rendered":"Incendie dans un b\u00e2timent d&rsquo;habitation de 4 \u00e9tages aux Balustres, dans le 13e arrondissement de Marseille"},"content":{"rendered":"<p>Il \u00e9tait 17\u00a0h\u00a020 ce jeudi 20\u00a0novembre, lorsque les marins-pompiers ont \u00e9t\u00e9 d\u00e9clench\u00e9s pour un incendie dans un b\u00e2timent d&rsquo;habitation du quartier des <a href=\"https:\/\/www.laprovence.com\/article\/edition-martigues-istres\/3997848\/soprano-toujours-croire-en-ses-reves.html\" target=\"_blank\" rel=\"noopener\">Balustres<\/a>, dans le 13e arrondissement de Marseille. Intervenus avec deux fourgons incendie, un v\u00e9hicule de secours et d&rsquo;assistance aux victimes et la grande \u00e9chelle, la vingtaine de <a href=\"https:\/\/www.laprovence.com\/article\/faits-divers-justice\/5632405814529314\/des-fusees-dartifices-tirees-sur-une-caserne-des-marins-pompiers-a-marseille\" target=\"_blank\" rel=\"noopener\">marins-pompiers<\/a> engag\u00e9s sont rapidement venus \u00e0 bout du sinistre qui s&rsquo;\u00e9tait d\u00e9clar\u00e9 au dernier \u00e9tage cet immeuble de quatre niveaux.<\/p>\n<p>\u00c0 18\u00a0heures, le feu \u00e9tait ma\u00eetris\u00e9 et d\u00e8s 18\u00a0h\u00a030, les op\u00e9rations de refroidissement commen\u00e7aient, sans que l&rsquo;incendie n&rsquo;ait n\u00e9cessit\u00e9 d&rsquo;\u00e9vacuation.<\/p>\n","protected":false},"excerpt":{"rendered":"Il \u00e9tait 17\u00a0h\u00a020 ce jeudi 20\u00a0novembre, lorsque les marins-pompiers ont \u00e9t\u00e9 d\u00e9clench\u00e9s pour un incendie dans un b\u00e2timent&hellip;\n","protected":false},"author":2,"featured_media":547828,"comment_status":"","ping_status":"","sticky":false,"template":"","format":"standard","meta":{"footnotes":""},"categories":[2814],"tags":[17,1111,11,1007,66565,4807,66564,1446,21116,1777,674,274,1011,27,1310,884,12,882,25],"class_list":{"0":"post-547827","1":"post","2":"type-post","3":"status-publish","4":"format-standard","5":"has-post-thumbnail","7":"category-marseille","8":"tag-17","9":"tag-actu","10":"tag-actualites","11":"tag-aux","12":"tag-balustres","13":"tag-batiment","14":"tag-dhabitation","15":"tag-dans","16":"tag-etages","17":"tag-eu","18":"tag-europe","19":"tag-faits-divers-justice","20":"tag-fr","21":"tag-france","22":"tag-incendie","23":"tag-marseille","24":"tag-news","25":"tag-provence-alpes-cote-dazur","26":"tag-republique-francaise"},"share_on_mastodon":{"url":"https:\/\/pubeurope.com\/@fr\/115584451595540851","error":""},"_links":{"self":[{"href":"https:\/\/www.europesays.com\/fr\/wp-json\/wp\/v2\/posts\/547827","targetHints":{"allow":["GET"]}}],"collection":[{"href":"https:\/\/www.europesays.com\/fr\/wp-json\/wp\/v2\/posts"}],"about":[{"href":"https:\/\/www.europesays.com\/fr\/wp-json\/wp\/v2\/types\/post"}],"author":[{"embeddable":true,"href":"https:\/\/www.europesays.com\/fr\/wp-json\/wp\/v2\/users\/2"}],"replies":[{"embeddable":true,"href":"https:\/\/www.europesays.com\/fr\/wp-json\/wp\/v2\/comments?post=547827"}],"version-history":[{"count":0,"href":"https:\/\/www.europesays.com\/fr\/wp-json\/wp\/v2\/posts\/547827\/revisions"}],"wp:featuredmedia":[{"embeddable":true,"href":"https:\/\/www.europesays.com\/fr\/wp-json\/wp\/v2\/media\/547828"}],"wp:attachment":[{"href":"https:\/\/www.europesays.com\/fr\/wp-json\/wp\/v2\/media?parent=547827"}],"wp:term":[{"taxonomy":"category","embeddable":true,"href":"https:\/\/www.europesays.com\/fr\/wp-json\/wp\/v2\/categories?post=547827"},{"taxonomy":"post_tag","embeddable":true,"href":"https:\/\/www.europesays.com\/fr\/wp-json\/wp\/v2\/tags?post=547827"}],"curies":[{"name":"wp","href":"https:\/\/api.w.org\/{rel}","templated":true}]}}