{"id":547829,"date":"2025-11-20T22:45:14","date_gmt":"2025-11-20T22:45:14","guid":{"rendered":"https:\/\/www.europesays.com\/fr\/547829\/"},"modified":"2025-11-20T22:45:14","modified_gmt":"2025-11-20T22:45:14","slug":"narcotrafic-laurent-nunez-partisan-dune-guerre-similaire-a-celle-contre-le-terrorisme-reviendra-a-marseille-tous-les-mois","status":"publish","type":"post","link":"https:\/\/www.europesays.com\/fr\/547829\/","title":{"rendered":"Narcotrafic\u00a0: Laurent Nu\u00f1ez, partisan d\u2019une guerre similaire \u00e0 celle contre le terrorisme, reviendra \u00e0 Marseille tous les mois"},"content":{"rendered":"<p class=\"paragraph text_align_left lp-f-body-02\">Par une fen\u00eatre de l\u2019\u00c9v\u00each\u00e9, le si\u00e8ge historique de la police judiciaire de Marseille (Bouches-du-Rh\u00f4ne), on aper\u00e7oit le ciel rose du cr\u00e9puscule qui \u00e9claire la M\u00e9diterran\u00e9e. L\u2019image est trompeuse. Ce jeudi, le champ lexical et les \u00e9l\u00e9ments de langage n\u2019avaient rien de po\u00e9tique. Le ton \u00e9tait martial. \u00ab\u00a0Guerre\u00a0\u00bb, \u00ab\u00a0narcoterrorisme\u00a0\u00bb, \u00ab\u00a0batailles\u00a0\u00bb, \u00e0 chaque \u00e9tape de sa visite, <a href=\"https:\/\/www.leparisien.fr\/politique\/laurent-nunez\/\" target=\"_self\" rel=\"noopener\">Laurent Nu\u00f1ez<\/a> s\u2019est mu\u00e9 en g\u00e9n\u00e9ral soucieux de soutenir ses troupes tout en martelant qu\u2019il faut en faire \u00ab\u00a0encore plus\u00a0\u00bb <a href=\"https:\/\/www.leparisien.fr\/politique\/pour-sebastien-lecornu-la-lutte-contre-le-narcotrafic-doit-sinspirer-de-celle-contre-le-terrorisme-18-11-2025-GRBBOERSCFA4VIJO4DF2W7VBSQ.php\" target=\"_self\" rel=\"noopener\">contre le narcotrafic<\/a>.<\/p>\n<p class=\"paragraph text_align_left lp-f-body-02\">De la mairie \u00e0 la pr\u00e9fecture en passant par le si\u00e8ge de la PJ, le ministre de l\u2019Int\u00e9rieur \u00e9tait en terrain parfaitement connu, lui qui \u00e9tait il y a dix ans pr\u00e9fet de police sur place. Il conna\u00eet les hommes, la ville et tous ses maux. \u00c0 l\u2019\u00e9poque, les narcos \u00e9taient d\u00e9j\u00e0 \u00e0 l\u2019\u0153uvre mais ils se tuaient entre eux. <a href=\"https:\/\/www.leparisien.fr\/faits-divers\/absolument-terrifiant-lassassinat-du-frere-damine-kessaci-nouveau-cap-dans-la-derive-mafieuse-a-marseille-14-11-2025-YJYZETJJBRGM7KGKHBOFV4JCOE.php\" target=\"_self\" rel=\"noopener\">Le \u00ab\u00a0point de bascule\u00a0\u00bb<\/a> de l\u2019assassinat la semaine derni\u00e8re de <a href=\"https:\/\/www.leparisien.fr\/faits-divers\/un-bon-garcon-loin-de-la-drogue-qui-etait-mehdi-kessaci-frere-dun-militant-anti-narcotrafic-assassine-a-marseille-15-11-2025-JSUMPGBDNNAVRGQ5VRK2HG2WTE.php\" target=\"_self\" rel=\"noopener\">Mehdi Kessaci, fr\u00e8re du militant antidrogue Amine Kessaci<\/a>, est \u00e0 l\u2019origine de son retour \u00e0 Marseille en tant que ministre. Il n\u2019\u00e9tait d\u2019ailleurs pas le seul ministre \u00e0 multiplier les r\u00e9unions et les tables rondes ce jeudi.<\/p>\n","protected":false},"excerpt":{"rendered":"Par une fen\u00eatre de l\u2019\u00c9v\u00each\u00e9, le si\u00e8ge historique de la police judiciaire de Marseille (Bouches-du-Rh\u00f4ne), on aper\u00e7oit le&hellip;\n","protected":false},"author":2,"featured_media":547830,"comment_status":"","ping_status":"","sticky":false,"template":"","format":"standard","meta":{"footnotes":""},"categories":[2814],"tags":[1111,11,459,1777,674,118,1011,27,884,12,882,25],"class_list":{"0":"post-547829","1":"post","2":"type-post","3":"status-publish","4":"format-standard","5":"has-post-thumbnail","7":"category-marseille","8":"tag-actu","9":"tag-actualites","10":"tag-departements-horsidfo","11":"tag-eu","12":"tag-europe","13":"tag-faits-divers","14":"tag-fr","15":"tag-france","16":"tag-marseille","17":"tag-news","18":"tag-provence-alpes-cote-dazur","19":"tag-republique-francaise"},"share_on_mastodon":{"url":"https:\/\/pubeurope.com\/@fr\/115584455458076530","error":""},"_links":{"self":[{"href":"https:\/\/www.europesays.com\/fr\/wp-json\/wp\/v2\/posts\/547829","targetHints":{"allow":["GET"]}}],"collection":[{"href":"https:\/\/www.europesays.com\/fr\/wp-json\/wp\/v2\/posts"}],"about":[{"href":"https:\/\/www.europesays.com\/fr\/wp-json\/wp\/v2\/types\/post"}],"author":[{"embeddable":true,"href":"https:\/\/www.europesays.com\/fr\/wp-json\/wp\/v2\/users\/2"}],"replies":[{"embeddable":true,"href":"https:\/\/www.europesays.com\/fr\/wp-json\/wp\/v2\/comments?post=547829"}],"version-history":[{"count":0,"href":"https:\/\/www.europesays.com\/fr\/wp-json\/wp\/v2\/posts\/547829\/revisions"}],"wp:featuredmedia":[{"embeddable":true,"href":"https:\/\/www.europesays.com\/fr\/wp-json\/wp\/v2\/media\/547830"}],"wp:attachment":[{"href":"https:\/\/www.europesays.com\/fr\/wp-json\/wp\/v2\/media?parent=547829"}],"wp:term":[{"taxonomy":"category","embeddable":true,"href":"https:\/\/www.europesays.com\/fr\/wp-json\/wp\/v2\/categories?post=547829"},{"taxonomy":"post_tag","embeddable":true,"href":"https:\/\/www.europesays.com\/fr\/wp-json\/wp\/v2\/tags?post=547829"}],"curies":[{"name":"wp","href":"https:\/\/api.w.org\/{rel}","templated":true}]}}