{"id":547835,"date":"2025-11-20T22:49:15","date_gmt":"2025-11-20T22:49:15","guid":{"rendered":"https:\/\/www.europesays.com\/fr\/547835\/"},"modified":"2025-11-20T22:49:15","modified_gmt":"2025-11-20T22:49:15","slug":"dans-les-yvelines-des-agriculteurs-refusent-les-controles-tant-que-les-promesses-faites-ne-seront-pas-tenues","status":"publish","type":"post","link":"https:\/\/www.europesays.com\/fr\/547835\/","title":{"rendered":"Dans les Yvelines, des agriculteurs refusent les contr\u00f4les tant que les promesses faites ne seront pas tenues"},"content":{"rendered":"<p>                    Par<br \/>\n        <strong><br \/>\n            <a href=\"https:\/\/actu.fr\/auteur\/mereva-balin\" title=\"Consulter tous les articles de M\u00e9r\u00e9va Balin\" target=\"_blank\" rel=\"noopener\">M\u00e9r\u00e9va Balin<\/a><br \/>\n                    <\/strong><\/p>\n<p>        Publi\u00e9 le<\/p>\n<p>            20 nov. 2025 \u00e0 19h16        <\/p>\n<p>La <b>mobilisation<\/b> de la F\u00e9d\u00e9ration d\u00e9partementale des syndicats d\u2019exploitants agricoles (FDSEA) d\u2019\u00cele-de-France change de forme une fois de plus.<\/p>\n<p class=\" wall-content\">Apr\u00e8s les <a href=\"https:\/\/actu.fr\/ile-de-france\/epone_78217\/apres-le-peage-de-buchelay-les-agriculteurs-bloquent-la13-a-epone_60640602.html\" target=\"_blank\" rel=\"noopener\">blocages sur l\u2019A13<\/a> et les <a href=\"https:\/\/actu.fr\/ile-de-france\/limay_78335\/yvelines-la-colere-des-agriculteurs-sembrase-sur-fond-de-censure-du-gouvernement_61960610.html\" target=\"_blank\" rel=\"noopener\">feux de la col\u00e8re<\/a> de 2024 puis l\u2019installation de <a href=\"https:\/\/actu.fr\/ile-de-france\/maulette_78381\/yvelines-le-coup-de-pression-des-agriculteurs-avant-de-passer-a-laction_62675844.html\" target=\"_blank\" rel=\"noopener\">banderoles sur la Nationale 12<\/a> en mai\u00a02025, le syndicat s\u2019oppose d\u00e9sormais aux contr\u00f4les effectu\u00e9s par le Service r\u00e9gional de l\u2019alimentation (SRAL) autour des <b>produits phytosanitaires<\/b> dans les exploitations.<\/p>\n<p class=\" wall-content\">Ainsi une vingtaine d\u2019agriculteurs attendaient <b>de pied ferme<\/b> les agents de l\u2019instance r\u00e9gionale devant une ferme d\u2019<a href=\"https:\/\/actu.fr\/ile-de-france\/arnouville-les-mantes_78020\" target=\"_blank\" rel=\"noopener\">Arnouville-l\u00e8s-Mantes<\/a> (Yvelines), ce jeudi 20\u00a0novembre 2025 dans la matin\u00e9e.<\/p>\n<p>    <a href=\"https:\/\/maps.google.com\/maps?q=48.911278,1.732098&amp;z=15&amp;output=embed\" title=\"Ouvrie le lien\" target=\"_blank\" rel=\"noopener\">Cliquez ici pour visualiser le contenu<\/a><\/p>\n<p>Le quatri\u00e8me blocage de la semaine<\/p>\n<p class=\" wall-content\">L\u2019action est dupliqu\u00e9e dans <b>trois d\u00e9partements franciliens<\/b>\u2009: les Yvelines, l\u2019<a href=\"https:\/\/actu.fr\/essonne\/\" target=\"_blank\" rel=\"noopener\">Essonne<\/a> et le <a href=\"https:\/\/actu.fr\/ile-de-france\/val-d-oise_95\" target=\"_blank\" rel=\"noopener\">Val-d\u2019Oise<\/a>. \u00ab\u2009C\u2019est le quatri\u00e8me blocage cette semaine, fait savoir la FDEA \u00cele-de-France. Les trois derni\u00e8res fois, les contr\u00f4leurs ne sont pas venus.\u2009\u00bb<\/p>\n<blockquote class=\"ac-article-quote wall-content\">\n<p>Tant que les d\u00e9crets que l\u2019on nous a promis dans la loi Duplomb ne seront pas sign\u00e9s, nous nous opposons aux contr\u00f4les comme nous l\u2019avions annonc\u00e9 lors de la mobilisation de l\u2019an dernier. Contrairement \u00e0 d\u2019autres, nous respectons ce que nous avons dit.\u2009\u00bb<\/p>\n<p>Thomas Brebion, agriculteur de Notre-Dame-de-la-Mer<\/p><\/blockquote>\n<p>Une mani\u00e8re d\u2019alerter les pouvoirs publics<\/p>\n<p class=\" wall-content\">Cette fois encore, pas d\u2019agents du SRAL en vue lors de notre reportage. Seuls les gendarmes de la brigade de <a href=\"https:\/\/actu.fr\/ile-de-france\/septeuil_78591\" target=\"_blank\" rel=\"noopener\">Septeui<\/a>l gardent un \u0153il sur l\u2019attroupement qui se d\u00e9roule <b>sans incident<\/b>. \u00ab\u2009La manifestation est d\u00e9clar\u00e9e et elle se d\u00e9roule sur la voie publique, pr\u00e9cise la FDEA \u00cele-de-France. Le propri\u00e9taire de l\u2019exploitation a accept\u00e9 le contr\u00f4le, c\u2019est notre syndicat qui s\u2019y oppose.\u2009\u00bb Une mani\u00e8re aussi de prot\u00e9ger l\u2019agriculteur, qui risquerait \u00ab\u2009des <b>p\u00e9nalit\u00e9s sur ses aides<\/b>\u2009\u00bb s\u2019il refusait lui-m\u00eame la visite des contr\u00f4leurs.<\/p>\n<p>Votre r\u00e9gion, votre actu !<\/p>\n<p>Recevez chaque jour les infos qui comptent pour vous.<\/p>\n<p>\t<a href=\"https:\/\/actu.fr\/newsletter\" class=\"ac-btn ac-btn--corner ac-btn--medium ac-btn--blue800\" target=\"_blank\" rel=\"noopener\">S&rsquo;incrire<\/a><\/p>\n<p class=\" wall-content\">Contact\u00e9e la <a href=\"https:\/\/driaaf.ile-de-france.agriculture.gouv.fr\/le-service-regional-de-l-alimentation-sral-a216.html\" target=\"_blank\" rel=\"noopener\">Direction r\u00e9gionale et interd\u00e9partementale de l\u2019alimentation<\/a>, de l\u2019agriculture et de la for\u00eat d\u2019\u00cele-de-France, \u00e0 laquelle est rattach\u00e9 le SRAL, n\u2019a pour le moment pas r\u00e9pondu \u00e0 nos questions. \u00ab\u2009\u00catre l\u00e0 nous permet d\u2019alerter une fois de plus les pouvoirs publics avec lesquels nous n\u2019avons pas les moyens d\u2019\u00e9changer directement, pr\u00e9cise Thomas Brebion, agriculteur \u00e0 <a href=\"https:\/\/actu.fr\/ile-de-france\/notre-dame-de-la-mer_78320\" target=\"_blank\" rel=\"noopener\">Notre-Dame-de-la-Mer<\/a>. Face au blocage, les contr\u00f4leurs devront <b>faire remonter l\u2019information<\/b> aux autorit\u00e9s.\u2009\u00bb<\/p>\n<p>    <img   decoding=\"async\" loading=\"lazy\" class=\"size-large\" src=\"https:\/\/www.europesays.com\/fr\/wp-content\/uploads\/2025\/11\/31a69330fe19615a69330fe19f8a69v-960x640.jpg\" alt=\"Manifestation FDSEA Arnouville-l\u00e8s-Mantes\" width=\"960\" height=\"640\"\/><br \/>\n    Le blocage du jeudi 20\u00a0novembre 2025 \u00e0 Arnouville-l\u00e8s-Mantes (Yvelines) a eu lieu dans une ambiance bonne enfant sous l\u2019\u0153il attentif des gendarmes pr\u00e9sents. \u00a9M\u00e9r\u00e9va BalinUne \u00ab\u2009taxe carbone\u2009\u00bb sur l\u2019azote<\/p>\n<p class=\" wall-content\">Une <b>nouvelle r\u00e9glementation<\/b> europ\u00e9enne vient \u00e9galement s\u2019ajouter au ressentiment des agriculteurs. \u00c0 partir du 1er\u00a0janvier 2026, le <a href=\"https:\/\/www.ecologie.gouv.fr\/politiques-publiques\/mecanisme-dajustement-carbone-aux-frontieres-macf\" target=\"_blank\" rel=\"noopener\">m\u00e9canisme d\u2019ajustement carbone aux fronti\u00e8res<\/a> \u00ab\u2009vise \u00e0 soumettre les produits import\u00e9s dans le territoire douanier de l\u2019Union Europ\u00e9enne \u00e0 une tarification du carbone \u00e9quivalente \u00e0 celle appliqu\u00e9e aux industriels europ\u00e9ens fabriquant ces produits\u2009\u00bb, informe le site du minist\u00e8re de la Transition \u00e9cologique.<\/p>\n<p class=\" wall-content\">Une taxation qui concernera \u00e9galement les <b>engrais azot\u00e9s<\/b> utilis\u00e9s dans les exploitations agricoles. Intenable, selon le syndicat agricole dans un contexte o\u00f9 les professionnels font d\u00e9j\u00e0 face \u00e0 des charges \u00e9lev\u00e9es.<\/p>\n<blockquote class=\"ac-article-quote wall-content\">\n<p>L\u2019azote est ce qui permet \u00e0 la plante de vivre, sans cela son taux de prot\u00e9ines n\u2019est pas assez \u00e9lev\u00e9 pour pouvoir la vendre. Cette taxe carbone va faire augmenter le prix de l\u2019azote de 140\u00a0\u20ac par tonne, ce qui va le porter \u00e0 400\u00a0\u20ac la tonne.\u2009\u00bb<\/p>\n<p>FDSEA d\u2019\u00cele-de-France<\/p><\/blockquote>\n<p>Une \u00ab\u2009distorsion de concurrence\u2009\u00bb induite par le Mercosur<\/p>\n<p class=\" wall-content\">Le spectre de la ratification du <a href=\"https:\/\/actu.fr\/societe\/mercosur-c-est-quoi-ce-traite-de-libre-echange-au-coeur-de-la-colere-des-agriculteurs_61876440.html\" target=\"_blank\" rel=\"noopener\">Mercosur<\/a> par la France flotte enfin au-dessus de la profession. Apr\u00e8s avoir soulign\u00e9 les \u00ab\u2009aspects positifs\u2009\u00bb de l\u2019accord de libre-\u00e9change lors de son passage au Br\u00e9sil avant la Cop30 le jeudi 6\u00a0novembre 2025, le pr\u00e9sident Emmanuel Macron a assur\u00e9 que le Mercosur \u00ab\u2009tel qu\u2019il existe aujourd\u2019hui, recueillera un <b>non tr\u00e8s ferme de la France<\/b>\u2009\u00bb une semaine plus tard pendant une rencontre avec une d\u00e9l\u00e9gation d\u2019agriculteurs \u00e0 <a href=\"https:\/\/actu.fr\/toulouse\/\" target=\"_blank\" rel=\"noopener\">Toulouse <\/a>(Haute-Garonne). Un flou qui n\u2019aide pas \u00e0 rassurer la profession.<\/p>\n<blockquote class=\"ac-article-quote wall-content\">\n<p>Il existe une distorsion de concurrence entre la France et les autres pays europ\u00e9ens, et plus largement avec les producteurs du reste du monde. On nous impose des r\u00e8gles hyperstrictes. On propose l\u2019alimentation la plus s\u00fbre du monde et on en est fiers. Mais parall\u00e8lement on veut laisser entrer des produits d\u00e9gueulasses avec des substances, comme les hormones de croissance, que l\u2019on nous interdit depuis 20\u00a0ans.\u2009\u00bb<\/p>\n<p>Thomas Brebion, agriculteur de Notre-Dame-de-la-Mer<\/p><\/blockquote>\n<p class=\" wall-content\">Pour l\u2019exploitant, le secteur est \u00ab\u2009le <b>dindon de la farce<\/b>\u2009\u00bb. \u00ab\u2009On n\u2019est pas pr\u00e8s d\u2019atteindre la souverainet\u00e9 alimentaire souhait\u00e9e si l\u2019on continue \u00e0 tuer les agriculteurs\u2009\u00bb, insiste Thomas Brebion. Une mobilisation nationale du syndicat agricole est pr\u00e9vue le jeudi 18\u00a0d\u00e9cembre 2025 \u00e0 Bruxelles (Belgique).<\/p>\n<p class=\" wall-content\">Personnalisez votre actualit\u00e9 en ajoutant vos villes et m\u00e9dias en favori avec <a href=\"https:\/\/moncompte.actu.fr\" title=\"D\u00e9couvez Mon Actu\" rel=\"nofollow noopener\" data-trk=\"{&quot;cta&quot;:{&quot;action&quot;:&quot;https:\\\/\\\/moncompte.actu.fr&quot;,&quot;category&quot;:&quot;mon compte&quot;,&quot;from&quot;:&quot;article footer&quot;,&quot;name&quot;:&quot;Mon actu&quot;,&quot;type&quot;:&quot;cta&quot;}}\" target=\"_blank\">Mon Actu<\/a>.<\/p>\n","protected":false},"excerpt":{"rendered":"Par M\u00e9r\u00e9va Balin Publi\u00e9 le 20 nov. 2025 \u00e0 19h16 La mobilisation de la F\u00e9d\u00e9ration d\u00e9partementale des syndicats&hellip;\n","protected":false},"author":2,"featured_media":547836,"comment_status":"","ping_status":"","sticky":false,"template":"","format":"standard","meta":{"footnotes":""},"categories":[1592],"tags":[1111,11,327,1777,674,1011,27,662,1272,12,626,25,104],"class_list":{"0":"post-547835","1":"post","2":"type-post","3":"status-publish","4":"format-standard","5":"has-post-thumbnail","7":"category-ile-de-france","8":"tag-actu","9":"tag-actualites","10":"tag-agriculture","11":"tag-eu","12":"tag-europe","13":"tag-fr","14":"tag-france","15":"tag-ile-de-france","16":"tag-manifestations","17":"tag-news","18":"tag-paris","19":"tag-republique-francaise","20":"tag-societe"},"share_on_mastodon":{"url":"","error":""},"_links":{"self":[{"href":"https:\/\/www.europesays.com\/fr\/wp-json\/wp\/v2\/posts\/547835","targetHints":{"allow":["GET"]}}],"collection":[{"href":"https:\/\/www.europesays.com\/fr\/wp-json\/wp\/v2\/posts"}],"about":[{"href":"https:\/\/www.europesays.com\/fr\/wp-json\/wp\/v2\/types\/post"}],"author":[{"embeddable":true,"href":"https:\/\/www.europesays.com\/fr\/wp-json\/wp\/v2\/users\/2"}],"replies":[{"embeddable":true,"href":"https:\/\/www.europesays.com\/fr\/wp-json\/wp\/v2\/comments?post=547835"}],"version-history":[{"count":0,"href":"https:\/\/www.europesays.com\/fr\/wp-json\/wp\/v2\/posts\/547835\/revisions"}],"wp:featuredmedia":[{"embeddable":true,"href":"https:\/\/www.europesays.com\/fr\/wp-json\/wp\/v2\/media\/547836"}],"wp:attachment":[{"href":"https:\/\/www.europesays.com\/fr\/wp-json\/wp\/v2\/media?parent=547835"}],"wp:term":[{"taxonomy":"category","embeddable":true,"href":"https:\/\/www.europesays.com\/fr\/wp-json\/wp\/v2\/categories?post=547835"},{"taxonomy":"post_tag","embeddable":true,"href":"https:\/\/www.europesays.com\/fr\/wp-json\/wp\/v2\/tags?post=547835"}],"curies":[{"name":"wp","href":"https:\/\/api.w.org\/{rel}","templated":true}]}}