{"id":547839,"date":"2025-11-20T22:51:14","date_gmt":"2025-11-20T22:51:14","guid":{"rendered":"https:\/\/www.europesays.com\/fr\/547839\/"},"modified":"2025-11-20T22:51:14","modified_gmt":"2025-11-20T22:51:14","slug":"paris-un-soudanais-interpelle-trois-fois-en-sept-jours-pour-degradation-de-la-tombe-du-soldat-inconnu","status":"publish","type":"post","link":"https:\/\/www.europesays.com\/fr\/547839\/","title":{"rendered":"Paris : Un Soudanais interpell\u00e9 trois fois en sept jours pour d\u00e9gradation de la tombe du Soldat inconnu"},"content":{"rendered":"<p class=\"mb-4 text-lg md:leading-8 break-words\"><strong>VANDALISME &#8211; A Paris, un jeune Soudanais a \u00e9t\u00e9 arr\u00eat\u00e9 trois fois en une semaine apr\u00e8s avoir d\u00e9grad\u00e9 la tombe du Soldat inconnu sous l\u2019Arc de Triomphe<\/strong><\/p>\n<p class=\"mb-4 text-lg md:leading-8 break-words\">A <a href=\"https:\/\/www.20minutes.fr\/paris\/?at_medium=RSS%20feed&amp;at_campaign=ynews&amp;utm_source=yahoo&amp;utm_medium=rss&amp;utm_campaign=news_feed&amp;utm_content=in_article_link\" rel=\"nofollow noopener\" target=\"_blank\" data-ylk=\"slk:Paris;elm:context_link;itc:0;sec:content-canvas\" class=\"link \">Paris<\/a>, la police a d\u00fb intervenir \u00e0 trois reprises en l\u2019espace d\u2019une semaine face au m\u00eame individu, un jeune <a href=\"https:\/\/www.20minutes.fr\/monde\/soudan\/?at_medium=RSS%20feed&amp;at_campaign=ynews&amp;utm_source=yahoo&amp;utm_medium=rss&amp;utm_campaign=news_feed&amp;utm_content=in_article_link\" rel=\"nofollow noopener\" target=\"_blank\" data-ylk=\"slk:Soudanais;elm:context_link;itc:0;sec:content-canvas\" class=\"link \">Soudanais<\/a> de 23 ans, impliqu\u00e9 dans plusieurs actes de d\u00e9gradation sur la tombe du Soldat inconnu sous l\u2019Arc de Triomphe. Ces interpellations r\u00e9p\u00e9t\u00e9es ont donn\u00e9 lieu \u00e0 des \u00e9valuations psychiatriques successives, selon les informations recueillies par <a href=\"https:\/\/www.lefigaro.fr\/faits-divers\/paris-un-soudanais-interpelle-trois-fois-en-une-semaine-pour-violation-de-la-tombe-du-soldat-inconnu-20251120?at_medium=RSS%20feed&amp;at_campaign=ynews&amp;utm_source=yahoo&amp;utm_medium=rss&amp;utm_campaign=news_feed&amp;utm_content=in_article_link\" rel=\"nofollow noopener\" target=\"_blank\" data-ylk=\"slk:Le Figaro;elm:context_link;itc:0;sec:content-canvas\" class=\"link \">Le Figaro<\/a> aupr\u00e8s de sources polici\u00e8res.<\/p>\n<p class=\"mb-4 text-lg md:leading-8 break-words\">Le premier \u00e9pisode remonte au 12\u00a0novembre au matin\u00a0: l\u2019homme, sans papiers d\u2019identit\u00e9 et tenu pour incoh\u00e9rent, avait \u00e9t\u00e9 d\u00e9couvert assis directement sur la s\u00e9pulture. Rel\u00e2ch\u00e9 apr\u00e8s cette intervention, il a de nouveau \u00e9t\u00e9 arr\u00eat\u00e9 le 14\u00a0novembre pour un geste plus grave\u00a0: il s\u2019\u00e9tait \u00e9tendu devant la flamme avant de l\u2019\u00e9teindre avec ses mains. Cette seconde interpellation a conduit \u00e0 son admission \u00e0 l\u2019<a href=\"https:\/\/www.20minutes.fr\/dossier\/hopital_psychiatrique?at_medium=RSS%20feed&amp;at_campaign=ynews&amp;utm_source=yahoo&amp;utm_medium=rss&amp;utm_campaign=news_feed&amp;utm_content=in_article_link\" rel=\"nofollow noopener\" target=\"_blank\" data-ylk=\"slk:infirmerie psychiatrique;elm:context_link;itc:0;sec:content-canvas\" class=\"link \">infirmerie psychiatrique<\/a> de la pr\u00e9fecture de police, puis \u00e0 l\u2019h\u00f4pital Bichat.<\/p>\n<p>Trois interpellations en une semaine<\/p>\n<p class=\"mb-4 text-lg md:leading-8 break-words\">Malgr\u00e9 ces prises en charge, un troisi\u00e8me incident s\u2019est produit le 19\u00a0novembre. Ce jour-l\u00e0, le jeune homme a \u00e9t\u00e9 surpris en train de d\u00e9t\u00e9riorer les gerbes d\u00e9pos\u00e9es au pied du monument. Plac\u00e9 en <a href=\"https:\/\/www.20minutes.fr\/dossier\/garde_a_vue?at_medium=RSS%20feed&amp;at_campaign=ynews&amp;utm_source=yahoo&amp;utm_medium=rss&amp;utm_campaign=news_feed&amp;utm_content=in_article_link\" rel=\"nofollow noopener\" target=\"_blank\" data-ylk=\"slk:garde \u00e0 vue;elm:context_link;itc:0;sec:content-canvas\" class=\"link \">garde \u00e0 vue<\/a>, il fait d\u00e9sormais l\u2019objet d\u2019une notification diff\u00e9r\u00e9e de ses droits dans l\u2019attente d\u2019un nouvel examen destin\u00e9 \u00e0 \u00e9valuer son comportement. Par ailleurs, il apparaissait dans le fichier \u00ab\u00a0\u00e9tranger\u00a0\u00bb, g\u00e9n\u00e9ralement li\u00e9 aux personnes sous OQTF ou absentes \u00e0 leurs convocations administratives.<\/p>\n<p><a href=\"https:\/\/www.20minutes.fr\/paris\/\" rel=\"nofollow noopener\" target=\"_blank\" data-ylk=\"slk:Toute l&#039;actualit\u00e9 \u00e0 Paris;elm:context_link;itc:0;sec:content-canvas\" class=\"link \">Toute l&rsquo;actualit\u00e9 \u00e0 Paris<\/a><\/p>\n<p class=\"mb-4 text-lg md:leading-8 break-words\">Ces faits s\u2019ajoutent \u00e0 une s\u00e9rie d\u2019actes irrespectueux visant ce haut lieu de m\u00e9moir(&#8230;)<\/p>\n<p class=\"mb-4 text-lg md:leading-8 break-words\"><a href=\"https:\/\/www.20minutes.fr\/faits_divers\/4186988-20251120-paris-soudanais-interpelle-trois-fois-sept-jours-degradation-tombe-soldat-inconnu?at_medium=RSS%20feed&amp;at_campaign=ynews&amp;utm_source=yahoo&amp;utm_medium=rss&amp;utm_campaign=news_feed&amp;utm_content=read_more_link&quot;\" rel=\"nofollow noopener\" target=\"_blank\" data-ylk=\"slk:Lire la suite sur 20minutes;elm:context_link;itc:0;sec:content-canvas\" class=\"link \">Lire la suite sur 20minutes<\/a><\/p>\n<p>\u00c0 lire aussi :<br \/><a href=\"https:\/\/www.20minutes.fr\/faits_divers\/faits-divers-paris\/4178533-20251010-paris-avocate-interpellee-apres-avoir-profane-tombe-soldat-inconnu?at_medium=RSS%20feed&amp;at_campaign=ynews&amp;utm_source=yahoo&amp;utm_medium=rss&amp;utm_campaign=news_feed&amp;utm_content=related_content_link\" rel=\"nofollow noopener\" target=\"_blank\" data-ylk=\"slk:Paris\u00a0: Une avocate interpell\u00e9e apr\u00e8s avoir profan\u00e9 la tombe du Soldat inconnu;elm:context_link;itc:0;sec:content-canvas\" class=\"link \">Paris\u00a0: Une avocate interpell\u00e9e apr\u00e8s avoir profan\u00e9 la tombe du Soldat inconnu<\/a><br \/><a href=\"https:\/\/www.20minutes.fr\/societe\/4166813-20250805-homme-allume-cigarette-flamme-soldat-inconnu-justice-saisie?at_medium=RSS%20feed&amp;at_campaign=ynews&amp;utm_source=yahoo&amp;utm_medium=rss&amp;utm_campaign=news_feed&amp;utm_content=related_content_link\" rel=\"nofollow noopener\" target=\"_blank\" data-ylk=\"slk:Un homme allume sa cigarette avec la flamme du Soldat inconnu, la justice saisie;elm:context_link;itc:0;sec:content-canvas\" class=\"link \">Un homme allume sa cigarette avec la flamme du Soldat inconnu, la justice saisie<\/a><\/p>\n","protected":false},"excerpt":{"rendered":"VANDALISME &#8211; A Paris, un jeune Soudanais a \u00e9t\u00e9 arr\u00eat\u00e9 trois fois en une semaine apr\u00e8s avoir d\u00e9grad\u00e9&hellip;\n","protected":false},"author":2,"featured_media":547840,"comment_status":"","ping_status":"","sticky":false,"template":"","format":"standard","meta":{"footnotes":""},"categories":[1888],"tags":[1111,1928,11,1927,1777,674,1011,27,38986,12,1926,626,1925,66567,25,66566,19445],"class_list":{"0":"post-547839","1":"post","2":"type-post","3":"status-publish","4":"format-standard","5":"has-post-thumbnail","7":"category-paris","8":"tag-actu","9":"tag-actu-paris","10":"tag-actualites","11":"tag-actualites-paris","12":"tag-eu","13":"tag-europe","14":"tag-fr","15":"tag-france","16":"tag-larc-de-triomphe","17":"tag-news","18":"tag-news-paris","19":"tag-paris","20":"tag-paris-news","21":"tag-prises-en-charge","22":"tag-republique-francaise","23":"tag-soudanais","24":"tag-tombe-du-soldat-inconnu"},"share_on_mastodon":{"url":"https:\/\/pubeurope.com\/@fr\/115584478983937694","error":""},"_links":{"self":[{"href":"https:\/\/www.europesays.com\/fr\/wp-json\/wp\/v2\/posts\/547839","targetHints":{"allow":["GET"]}}],"collection":[{"href":"https:\/\/www.europesays.com\/fr\/wp-json\/wp\/v2\/posts"}],"about":[{"href":"https:\/\/www.europesays.com\/fr\/wp-json\/wp\/v2\/types\/post"}],"author":[{"embeddable":true,"href":"https:\/\/www.europesays.com\/fr\/wp-json\/wp\/v2\/users\/2"}],"replies":[{"embeddable":true,"href":"https:\/\/www.europesays.com\/fr\/wp-json\/wp\/v2\/comments?post=547839"}],"version-history":[{"count":0,"href":"https:\/\/www.europesays.com\/fr\/wp-json\/wp\/v2\/posts\/547839\/revisions"}],"wp:featuredmedia":[{"embeddable":true,"href":"https:\/\/www.europesays.com\/fr\/wp-json\/wp\/v2\/media\/547840"}],"wp:attachment":[{"href":"https:\/\/www.europesays.com\/fr\/wp-json\/wp\/v2\/media?parent=547839"}],"wp:term":[{"taxonomy":"category","embeddable":true,"href":"https:\/\/www.europesays.com\/fr\/wp-json\/wp\/v2\/categories?post=547839"},{"taxonomy":"post_tag","embeddable":true,"href":"https:\/\/www.europesays.com\/fr\/wp-json\/wp\/v2\/tags?post=547839"}],"curies":[{"name":"wp","href":"https:\/\/api.w.org\/{rel}","templated":true}]}}