{"id":547848,"date":"2025-11-20T22:56:12","date_gmt":"2025-11-20T22:56:12","guid":{"rendered":"https:\/\/www.europesays.com\/fr\/547848\/"},"modified":"2025-11-20T22:56:12","modified_gmt":"2025-11-20T22:56:12","slug":"etats-unis-accuses-de-ne-plus-considerer-la-croix-gammee-comme-un-symbole-de-haine-les-garde-cotes-nient-tout-changement-de-directive","status":"publish","type":"post","link":"https:\/\/www.europesays.com\/fr\/547848\/","title":{"rendered":"\u00c9tats-Unis\u00a0: accus\u00e9s de ne plus consid\u00e9rer la croix gamm\u00e9e comme un symbole de haine, les garde-c\u00f4tes nient tout changement de directive"},"content":{"rendered":"<p class=\"paragraph text_align_left lp-f-body-02\">L\u2019information fait vivement r\u00e9agir outre-Atlantique. Selon une enqu\u00eate r\u00e9alis\u00e9e par le <a href=\"https:\/\/www.washingtonpost.com\/national-security\/2025\/11\/20\/coast-guard-swastika-noose\/\" target=\"_self\" rel=\"noopener\">Washington Post<\/a>, <a href=\"https:\/\/www.leparisien.fr\/faits-divers\/etats-unis-les-garde-cotes-interceptent-un-mini-sous-marin-rempli-de-drogue-12-07-2019-8115414.php\" target=\"_self\" rel=\"noopener\">les garde-c\u00f4tes am\u00e9ricains<\/a> s\u2019appr\u00eateraient \u00e0 ne plus consid\u00e9rer la croix gamm\u00e9e comme un symbole de haine mais dor\u00e9navant comme un symbole \u00ab potentiellement clivant \u00bb.<\/p>\n<p class=\"paragraph text_align_left lp-f-body-02\">Affirmant avoir consult\u00e9 des documents internes \u00e0 cet organisme f\u00e9d\u00e9ral rattach\u00e9 \u00e0 la s\u00e9curit\u00e9 int\u00e9rieure, le m\u00e9dia am\u00e9ricain indique que cette nouvelle directive doit entrer en vigueur le 15 d\u00e9cembre.<\/p>\n<p class=\"paragraph text_align_left lp-f-body-02\">Pourtant, ce qu\u2019on appelle <a href=\"https:\/\/www.leparisien.fr\/faits-divers\/aux-etats-unis-la-montagne-swastika-pourrait-bientot-changer-de-nom-26-08-2022-P2T2YQYSJRE77LYPYVUR3DEFMQ.php\" target=\"_self\" rel=\"noopener\">\u00ab swastika \u00bb<\/a> en anglais &#8211; le sens n\u2019est pas le m\u00eame en fran\u00e7ais &#8211; est un symbole du nazisme et du <a href=\"https:\/\/www.leparisien.fr\/archives\/en-images-etats-unis-le-ku-klux-klan-defile-pour-la-defense-du-drapeau-confedere-19-07-2015-4956437.php\" target=\"_self\" rel=\"noopener\">supr\u00e9macisme blanc<\/a>, rappelle le Washington Post. Et <a href=\"https:\/\/www.memorialdelashoah.org\/archives-et-documentation\/quest-ce-que-la-shoah\/questions-frequentes.html#:~:text=Le%20Museum%20Holocaust%20de%20Washington,autorit%C3%A9s%20comp%C3%A9tentes%20sur%20la%20question.\" target=\"_self\" rel=\"noopener\">la Shoah<\/a> a co\u00fbt\u00e9 la vie \u00e0 cinq \u00e0 six millions de juifs, ainsi qu\u2019\u00e0 des centaines de milliers de soldats am\u00e9ricains.<\/p>\n<p class=\"paragraph text_align_left lp-f-body-02\">Selon le Washington Post, la m\u00eame directive s\u2019appliquera au n\u0153ud coulant, pourtant notoirement connu aux \u00c9tats-Unis comme un symbole de la violence envers les Noirs apr\u00e8s la guerre de S\u00e9cession. Mais \u00e9galement au drapeau des \u00c9tats conf\u00e9d\u00e9r\u00e9s d\u2019Am\u00e9rique, bien que son exhibition reste prohib\u00e9e.<\/p>\n<p class=\"paragraph text_align_left lp-f-body-02\">Nos confr\u00e8res am\u00e9ricains pr\u00e9cisent que ces mesures auraient pour buts d\u2019aligner les r\u00e8gles qui r\u00e9gissent les garde-c\u00f4tes aux positions de l\u2019administration am\u00e9ricaine.<\/p>\n<p class=\"paragraph text_align_left lp-f-body-02\">\u00ab Les croix gamm\u00e9es ne sont pas clivantes. Elles sont antis\u00e9mites \u00bb, s\u2019insurge l\u2019American Jewish Committee. \u00ab Les n\u0153uds coulants ne sont pas clivants. Ils sont racistes. \u00bb<\/p>\n<p class=\"paragraph text_align_left lp-f-body-02\">\u00ab Tout cela est d\u00e9go\u00fbtant \u00bb, appuie Ed Markey, s\u00e9nateur du Massachusetts, comme de nombreux \u00e9lus d\u00e9mocrates. Les croix gamm\u00e9es et les n\u0153uds coulants repr\u00e9sentent \u00ab le g\u00e9nocide et les lynchages \u00bb, insiste Bennie Thomson, \u00e9lu du Mississippi. Pramila Jayapal, repr\u00e9sentante de l\u2019\u00c9tat de Washington, estime que tout cela \u00ab est absolument affreux \u00bb.<\/p>\n<blockquote class=\"twitter-tweet\">\n<p lang=\"en\" dir=\"ltr\">Nazi swastikas are not \u201cdivisive.\u201d They are antisemitic.<\/p>\n<p>They represent a regime responsible for the murder of six million Jews and insult the hundreds of thousands of Americans who gave their lives to defeat the Nazis 80 years ago.<\/p>\n<p>Nooses are also not \u00ab\u00a0divisive.\u00a0\u00bb They are\u2026 <a href=\"https:\/\/t.co\/53fZmmUfZY\">pic.twitter.com\/53fZmmUfZY<\/a><\/p>\n<p>\u2014 American Jewish Committee (@AJCGlobal) <a href=\"https:\/\/twitter.com\/AJCGlobal\/status\/1991619490312753224?ref_src=twsrc%5Etfw\" target=\"_blank\" rel=\"noopener\">November 20, 2025<\/a><\/p><\/blockquote>\n<p>\u00ab Nous allons revoir la formulation \u00bb<\/p>\n<p class=\"paragraph text_align_left lp-f-body-02\">Dans une publication sur X, l\u2019organisme f\u00e9d\u00e9ral am\u00e9ricain nie en bloc les all\u00e9gations Washington Post. Selon l\u2019amiral Kevin Lunday, commandant par int\u00e9rim des garde-c\u00f4tes am\u00e9ricains, elles sont m\u00eame \u00ab totalement fausses \u00bb.<\/p>\n<blockquote class=\"twitter-tweet\">\n<p lang=\"en\" dir=\"ltr\">\u201cThe claims that the U.S. Coast Guard will no longer classify swastikas, nooses or other extremist imagery as prohibited symbols are categorically false. These symbols have been and remain prohibited in the Coast Guard per policy. Any display, use or promotion of such symbols, as\u2026<\/p>\n<p>\u2014 U.S. Coast Guard (@USCG) <a href=\"https:\/\/twitter.com\/USCG\/status\/1991597087595851904?ref_src=twsrc%5Etfw\" target=\"_blank\" rel=\"noopener\">November 20, 2025<\/a><\/p><\/blockquote>\n<p class=\"paragraph text_align_left lp-f-body-02\">\u00ab Ces symboles ont toujours \u00e9t\u00e9 et demeurent interdits au sein des garde-c\u00f4tes, conform\u00e9ment \u00e0 la politique en vigueur \u00bb, peut-on lire dans ce communiqu\u00e9, pr\u00e9venant que \u00ab toute manifestation, utilisation ou promotion de tels symboles fera, comme toujours, l\u2019objet d\u2019une enqu\u00eate approfondie et sera s\u00e9v\u00e8rement sanctionn\u00e9e \u00bb.<\/p>\n<p class=\"paragraph text_align_left lp-f-body-02\">Les garde-c\u00f4tes, \u00e9crit l\u2019amiral Kevin Lunday, \u00ab restent fermement engag\u00e9s \u00e0 promouvoir un environnement de travail s\u00fbr, respectueux et professionnel \u00bb. \u00ab Les symboles tels que les croix gamm\u00e9es, les n\u0153uds coulants et autres symboles extr\u00e9mistes ou racistes contreviennent \u00e0 nos valeurs fondamentales et sont trait\u00e9s avec toute la gravit\u00e9 qu\u2019exige le r\u00e8glement actuel \u00bb, conclut le chef de l\u2019organisme f\u00e9d\u00e9ral.<\/p>\n<p class=\"paragraph text_align_left lp-f-body-02\">Tara Copp, coautrice de l\u2019article du Washington Post, d\u00e9clare sur X avoir \u00e9t\u00e9 contact\u00e9e par la porte-parole des garde-c\u00f4tes, Jennifer Plozai, apr\u00e8s la publication de l\u2019article. Cette derni\u00e8re conteste l\u2019information et affirme que cette branche des forces arm\u00e9es consid\u00e8re bien la croix gamm\u00e9e comme un symbole de haine.<\/p>\n<blockquote class=\"twitter-tweet\">\n<p lang=\"en\" dir=\"ltr\">UPDATE: In a phone call with the <a href=\"https:\/\/twitter.com\/washingtonpost?ref_src=twsrc%5Etfw\" target=\"_blank\" rel=\"noopener\">@washingtonpost<\/a>, the Coast Guard said it disagreed with the story and that it considers the swastika a hate symbol &#8212; and that it   would look into the new policy changes &#8212; which remove it as a hate symbol.<br \/>\u201cWe will be reviewing the language,\u00a0\u00bb\u2026 <a href=\"https:\/\/t.co\/xqQEjHmwob\">https:\/\/t.co\/xqQEjHmwob<\/a><\/p>\n<p>\u2014 Tara Copp (@TaraCopp) <a href=\"https:\/\/twitter.com\/TaraCopp\/status\/1991614403679338508?ref_src=twsrc%5Etfw\" target=\"_blank\" rel=\"noopener\">November 20, 2025<\/a><\/p><\/blockquote>\n<p class=\"paragraph text_align_left lp-f-body-02\">Les garde-c\u00f4tes, pr\u00e9cise Jennifer Plozai \u00e0 Tara Copp, se pencheront sur les changements de directives et promettent de \u00ab revoir la formulation \u00bb.<\/p>\n<p><script async src=\"https:\/\/platform.twitter.com\/widgets.js\" charset=\"utf-8\"><\/script><\/p>\n","protected":false},"excerpt":{"rendered":"L\u2019information fait vivement r\u00e9agir outre-Atlantique. Selon une enqu\u00eate r\u00e9alis\u00e9e par le Washington Post, les garde-c\u00f4tes am\u00e9ricains s\u2019appr\u00eateraient \u00e0&hellip;\n","protected":false},"author":2,"featured_media":547849,"comment_status":"","ping_status":"","sticky":false,"template":"","format":"standard","meta":{"footnotes":""},"categories":[1589],"tags":[11,73,1866,14,12,1864,1865,1863,308],"class_list":{"0":"post-547848","1":"post","2":"type-post","3":"status-publish","4":"format-standard","5":"has-post-thumbnail","7":"category-etats-unis","8":"tag-actualites","9":"tag-etats-unis","10":"tag-etats-unis-damerique","11":"tag-international","12":"tag-news","13":"tag-united-states","14":"tag-united-states-of-america","15":"tag-us","16":"tag-usa"},"share_on_mastodon":{"url":"https:\/\/pubeurope.com\/@fr\/115584498764351160","error":""},"_links":{"self":[{"href":"https:\/\/www.europesays.com\/fr\/wp-json\/wp\/v2\/posts\/547848","targetHints":{"allow":["GET"]}}],"collection":[{"href":"https:\/\/www.europesays.com\/fr\/wp-json\/wp\/v2\/posts"}],"about":[{"href":"https:\/\/www.europesays.com\/fr\/wp-json\/wp\/v2\/types\/post"}],"author":[{"embeddable":true,"href":"https:\/\/www.europesays.com\/fr\/wp-json\/wp\/v2\/users\/2"}],"replies":[{"embeddable":true,"href":"https:\/\/www.europesays.com\/fr\/wp-json\/wp\/v2\/comments?post=547848"}],"version-history":[{"count":0,"href":"https:\/\/www.europesays.com\/fr\/wp-json\/wp\/v2\/posts\/547848\/revisions"}],"wp:featuredmedia":[{"embeddable":true,"href":"https:\/\/www.europesays.com\/fr\/wp-json\/wp\/v2\/media\/547849"}],"wp:attachment":[{"href":"https:\/\/www.europesays.com\/fr\/wp-json\/wp\/v2\/media?parent=547848"}],"wp:term":[{"taxonomy":"category","embeddable":true,"href":"https:\/\/www.europesays.com\/fr\/wp-json\/wp\/v2\/categories?post=547848"},{"taxonomy":"post_tag","embeddable":true,"href":"https:\/\/www.europesays.com\/fr\/wp-json\/wp\/v2\/tags?post=547848"}],"curies":[{"name":"wp","href":"https:\/\/api.w.org\/{rel}","templated":true}]}}