{"id":547850,"date":"2025-11-20T22:57:19","date_gmt":"2025-11-20T22:57:19","guid":{"rendered":"https:\/\/www.europesays.com\/fr\/547850\/"},"modified":"2025-11-20T22:57:19","modified_gmt":"2025-11-20T22:57:19","slug":"un-confinement-plus-precoce-aurait-permis-deviter-23-000-deces-en-angleterre","status":"publish","type":"post","link":"https:\/\/www.europesays.com\/fr\/547850\/","title":{"rendered":"un confinement plus pr\u00e9coce aurait permis d&rsquo;\u00e9viter 23 000 d\u00e9c\u00e8s en Angleterre"},"content":{"rendered":"<p>Quelque 23.000 d\u00e9c\u00e8s auraient pu \u00eatre \u00e9vit\u00e9s en Angleterre si le premier confinement au d\u00e9but de la pand\u00e9mie de Covid-19 avait \u00e9t\u00e9 instaur\u00e9 plus t\u00f4t, selon les conclusions d&rsquo;une enqu\u00eate publique d\u00e9voil\u00e9es jeudi.<\/p>\n<p>Malgr\u00e9 la propagation du virus dans le reste du monde, le gouvernement britannique alors dirig\u00e9 par le Premier ministre conservateur <a href=\"https:\/\/www.ledauphine.com\/p\/boris-johnson\" target=\"_blank\" rel=\"nofollow noopener\">Boris Johnson<\/a> ne l&rsquo;a prise au s\u00e9rieux que \u00ab trop tard \u00bb, selon ces conclusions.\u00a0<\/p>\n<p>226 000 d\u00e9c\u00e8s au Royaume-Uni<\/p>\n<p>\u00ab Ce manque d&rsquo;urgence et l&rsquo;\u00e9norme augmentation des infections a rendu un confinement obligatoire in\u00e9vitable. Il aurait d\u00fb \u00eatre instaur\u00e9 une semaine plus t\u00f4t. Des mod\u00e9lisations montrent que rien qu&rsquo;en Angleterre, il y aurait eu approximativement 23 000 morts en moins lors de la premi\u00e8re vague \u00bb de la pand\u00e9mie, soit jusqu&rsquo;en juillet 2020, souligne le rapport.\u00a0<\/p>\n<p>Ces conclusions sont issues du deuxi\u00e8me rapport publi\u00e9 dans le cadre de l&rsquo;enqu\u00eate publique charg\u00e9e d&rsquo;\u00e9valuer la gestion de la pand\u00e9mie par les autorit\u00e9s britanniques.<\/p>\n<p>Un confinement obligatoire avait \u00e9t\u00e9 instaur\u00e9 le 23 mars au Royaume-Uni, trois mois environ apr\u00e8s le d\u00e9but de l&rsquo;\u00e9pid\u00e9mie, qui a d\u00e9marr\u00e9 en Chine avant de s&rsquo;\u00e9tendre dans le monde. Le Royaume-Uni a enregistr\u00e9 l&rsquo;un des plus lourds bilans en Europe li\u00e9s \u00e0 la pand\u00e9mie, avec quelque 226 000 d\u00e9c\u00e8s.\u00a0<\/p>\n<p>  \u00ab\u00a0Un mois de perdu\u00a0\u00bb<\/p>\n<p>Le rapport pointe nomm\u00e9ment la responsabilit\u00e9 du gouvernement d&rsquo;alors, trop \u00ab optimiste \u00bb d\u00e9but 2020. Et ajoute que l&rsquo;attitude de Boris Johnson lui-m\u00eame, Premier ministre de 2019 \u00e0 2022, a \u00ab sap\u00e9 le message s\u00e9rieux qu&rsquo;il \u00e9tait cens\u00e9 transmettre \u00e0 la population \u00bb.<\/p>\n<p>F\u00e9vrier 2020 a \u00e9t\u00e9 \u00ab un mois de perdu \u00bb, et le manque de r\u00e9action du gouvernement est \u00ab inexcusable \u00bb, selon cette enqu\u00eate.\u00a0Elle juge aussi qu&rsquo;une culture \u00ab toxique et chaotique \u00bb \u00e0 Downing Street au d\u00e9but de la pand\u00e9mie a nui \u00e0 une \u00ab prise de d\u00e9cision intelligente \u00bb.\u00a0<\/p>\n<p>D&rsquo;autre part, les f\u00eates organis\u00e9es \u00e0 la r\u00e9sidence du Premier ministre &#8211; surnomm\u00e9es \u00ab partygate \u00bb, et qui ont plus tard contribu\u00e9 \u00e0 la chute de Boris Johnson &#8211; ont \u00ab affaibli la confiance du public dans les d\u00e9cisions officielles \u00bb, et accru le risque que les Britanniques cessent de respecter les r\u00e8gles du confinement.\u00a0<\/p>\n","protected":false},"excerpt":{"rendered":"Quelque 23.000 d\u00e9c\u00e8s auraient pu \u00eatre \u00e9vit\u00e9s en Angleterre si le premier confinement au d\u00e9but de la pand\u00e9mie&hellip;\n","protected":false},"author":2,"featured_media":547851,"comment_status":"","ping_status":"","sticky":false,"template":"","format":"standard","meta":{"footnotes":""},"categories":[1588],"tags":[11,25367,1777,674,107,329,12,316,473,1853,71,1851,1850,1852],"class_list":{"0":"post-547850","1":"post","2":"type-post","3":"status-publish","4":"format-standard","5":"has-post-thumbnail","7":"category-royaume-uni","8":"tag-actualites","9":"tag-covid-coronavirus","10":"tag-eu","11":"tag-europe","12":"tag-fil-info","13":"tag-france-monde","14":"tag-news","15":"tag-politique","16":"tag-royaume-uni","17":"tag-royaume-uni-de-grande-bretagne-et-dirlande-du-nord","18":"tag-sante","19":"tag-uk","20":"tag-united-kingdom","21":"tag-united-kingdom-of-great-britain-and-northern-ireland"},"share_on_mastodon":{"url":"https:\/\/pubeurope.com\/@fr\/115584502717885877","error":""},"_links":{"self":[{"href":"https:\/\/www.europesays.com\/fr\/wp-json\/wp\/v2\/posts\/547850","targetHints":{"allow":["GET"]}}],"collection":[{"href":"https:\/\/www.europesays.com\/fr\/wp-json\/wp\/v2\/posts"}],"about":[{"href":"https:\/\/www.europesays.com\/fr\/wp-json\/wp\/v2\/types\/post"}],"author":[{"embeddable":true,"href":"https:\/\/www.europesays.com\/fr\/wp-json\/wp\/v2\/users\/2"}],"replies":[{"embeddable":true,"href":"https:\/\/www.europesays.com\/fr\/wp-json\/wp\/v2\/comments?post=547850"}],"version-history":[{"count":0,"href":"https:\/\/www.europesays.com\/fr\/wp-json\/wp\/v2\/posts\/547850\/revisions"}],"wp:featuredmedia":[{"embeddable":true,"href":"https:\/\/www.europesays.com\/fr\/wp-json\/wp\/v2\/media\/547851"}],"wp:attachment":[{"href":"https:\/\/www.europesays.com\/fr\/wp-json\/wp\/v2\/media?parent=547850"}],"wp:term":[{"taxonomy":"category","embeddable":true,"href":"https:\/\/www.europesays.com\/fr\/wp-json\/wp\/v2\/categories?post=547850"},{"taxonomy":"post_tag","embeddable":true,"href":"https:\/\/www.europesays.com\/fr\/wp-json\/wp\/v2\/tags?post=547850"}],"curies":[{"name":"wp","href":"https:\/\/api.w.org\/{rel}","templated":true}]}}