{"id":547852,"date":"2025-11-20T22:58:17","date_gmt":"2025-11-20T22:58:17","guid":{"rendered":"https:\/\/www.europesays.com\/fr\/547852\/"},"modified":"2025-11-20T22:58:17","modified_gmt":"2025-11-20T22:58:17","slug":"la-cdu-peut-elle-resister-a-lafd","status":"publish","type":"post","link":"https:\/\/www.europesays.com\/fr\/547852\/","title":{"rendered":"la CDU peut-elle r\u00e9sister \u00e0 l\u2019AfD ?"},"content":{"rendered":"<p>                <a href=\"https:\/\/lejournal.info\/rubrique\/infos\/\" rel=\"nofollow noopener\" target=\"_blank\"><br \/>\n                S\u00c9RIE : TRANS-EUROPE-EXTR\u00caMES #3<br \/>\n                <\/a><\/p>\n<p><strong>La popularit\u00e9 des nationalistes allemands interroge les conservateurs de la CDU. Le chancelier Merz veut maintenir un cordon sanitaire de plus en plus fragile : une partie de son \u00e9lectorat ainsi que la direction de la CDU pourraient lui \u00e9chapper.<\/strong><\/p>\n<p>                        <img width=\"600\" height=\"400\" src=\"data:image\/svg+xml,%3Csvg%20xmlns=\" http:=\"\" class=\"attachment-medium size-medium\" alt=\"\" decoding=\"async\" fetchpriority=\"high\" data-lazy- data-lazy- data-lazy-src=\"https:\/\/www.europesays.com\/fr\/wp-content\/uploads\/2025\/11\/AFP__20250227__2200909050__v3__HighRes__GermanyHoldsSnapFederalParliamentaryElection-600x400.jpg\"\/> <\/p>\n<p>                 Alice Weidel (au centre), copr\u00e9sidente f\u00e9d\u00e9rale de l&rsquo;AfD, aux c\u00f4t\u00e9s de Tino Chrupalla (\u00e0 gauche), copr\u00e9sident f\u00e9d\u00e9ral de l&rsquo;AfD, Kristin Brinker (AfD) (deuxi\u00e8me \u00e0 droite) et Bj\u00f6rn H\u00f6cke (AfD) (\u00e0 droite), r\u00e9agissent aux r\u00e9sultats lors d&rsquo;une soir\u00e9e \u00e9lectorale au si\u00e8ge de l&rsquo;AfD, le 23 f\u00e9vrier 2025 \u00e0 Berlin. (Photo : POOL \/ Getty Images via AFP)                                <\/p>\n<p>\u00c0 l\u2019instar de leurs voisins europ\u00e9ens, les partis dits de gouvernement traversent une p\u00e9riode de turbulence durable outre-Rhin. Le tunnel \u00e9lectoral dans les L\u00e4nder de l\u2019Est en dira davantage sur la possibilit\u00e9 de normalisation de l\u2019extr\u00eame-droite allemande dans le jeu institutionnel. Dans l\u2019ex-RDA, \u00e0 l\u2019Est, son parti est r\u00e9guli\u00e8rement cr\u00e9dit\u00e9 par les sondages de pr\u00e8s de 40% des intentions de vote et de 20% \u00e0 l\u2019Ouest, ce qui le place devant les conservateurs de la CDU et les sociaux-d\u00e9mocrates du SPD. Farouchement anti-immigration et anti-islam, accusant volontiers l\u2019Europe de tous les maux, les plus radicaux de la formation d\u2019extr\u00eame-droite engrangent les succ\u00e8s \u00e9lectoraux. Comme en France, la droite traditionnelle et conservatrice est travaill\u00e9e par cette formation n\u00e9e en 2013, dont le tournant identitaire est act\u00e9 d\u00e8s 2015. Pour faire sauter les digues et op\u00e9rer les rapprochements id\u00e9ologiques, trois cadres de la CDU \u00e9mergent et ont r\u00e9cemment lanc\u00e9 pav\u00e9 dans la marre dans l\u2019hebdomadaire Stern : Peter Tauber, ancien Secr\u00e9taire g\u00e9n\u00e9ral du parti sous Angela Merkel, Karl-Theodor zu Guttenberg, ex-ministre de la D\u00e9fense, issu de la CSU bavaroise et Andreas R\u00f6dder, pr\u00e9sident de la Commission des valeurs fondamentales du parti interrogent la strat\u00e9gie du pare-feu \u00e0 l\u2019encontre de l\u2019AfD.<\/p>\n<p>L\u2019actuel chancelier, longtemps adversaire d\u2019Angela Merkel et soup\u00e7onn\u00e9 avant son arriv\u00e9e au pouvoir d\u2019accointances avec les nationalistes, est aujourd\u2019hui le plus ferme. \u00c0 l\u2019issue d\u2019une r\u00e9union de la direction \u00e0 huis clos de la CDU fin octobre, il a rappel\u00e9 l\u2019incompatibilit\u00e9 des valeurs avec ceux qui empruntent le slogan des SA en forme de clin d\u2019\u0153il \u00ab Alles f\u00fcr Deutschland \u00bb y substituant \u00ab Alice f\u00fcr Deutschland \u00bb, allusion au pr\u00e9nom de la dirigeante nationaliste Alice Weidel, copr\u00e9sidente de l\u2019AfD. Les plus optimistes dresseront un portrait d\u2019elle paradoxal, pas franchement orthodoxe dans la galerie des nostalgiques de l\u2019ordre ancien. Lesbienne vivant en Suisse avec sa compagne d\u2019origine sri-lankaise, elle incarne une nouvelle figure de l\u2019extr\u00eame-droite, contribuant \u00e0 sa banalisation sur fond de lib\u00e9ralisme soci\u00e9tal. Dans la foul\u00e9e du mouvement x\u00e9nophobe Pegida, plus informel et particuli\u00e8rement pr\u00e9sent \u00e0 l\u2019Est, elle incarne la r\u00e9action d\u2019une partie du corps social contre l\u2019Islam et ses branches radicales, \u00e0 qui elle reproche d\u2019alimenter le terrorisme et de menacer les libert\u00e9s publiques. Membre de l\u2019AfD d\u00e8s sa fondation d\u00e8s 2013, Alice Weidel \u00e9pouse la radicalisation du parti en 2015, qui se traduit par un discours anti-immigr\u00e9 de plus en plus violent et d\u00e9complex\u00e9. En janvier dernier, la pr\u00e9sidente de l\u2019AfD, a repris \u00e0 son compte le terme de \u00ab remigration \u00bb, ciblant plusieurs millions d\u2019immigr\u00e9s r\u00e9sidant en Allemagne.<\/p>\n<p>X\u00e9nophobe, passant de l\u2019euroscepticisme \u00e0 l\u2019europhobie, elle s\u2019est plus r\u00e9cemment rapproch\u00e9e de la figure sulfureuse de Bjorn Hocke, autre personnalit\u00e9 montante de l\u2019AfD, ce dernier qualifiant le m\u00e9morial de la Shoah \u00e0 Berlin de \u00ab monument de la honte \u00bb. Boost\u00e9e par un Elon Musk encore au sommet de sa gloire dans la foul\u00e9e de la victoire trumpiste, n\u2019h\u00e9sitant pas \u00e0 qualifier le f\u00fchrer de \u00ab communiste \u00bb, Alice Weidel est devenue la principale source d\u2019inqui\u00e9tude des europ\u00e9ens avec le RN en France.<\/p>\n<p>La droite allemande est confront\u00e9e \u00e0 un choix dont elle ne peut plus \u00eatre certaine de sortir gagnante. Privil\u00e9giera-t-elle les valeurs d\u00e9mocratiques, celles de la loi fondamentale de 1949 et des conqu\u00eates europ\u00e9ennes successives, ou choisira-t-elle le d\u00e9shonneur avec les nostalgiques de l\u2019indicible ? La question se pose d\u00e9sormais \u00e0 toutes les droites du continent.<\/p>\n<p>Mais en Allemagne, la r\u00e9sonnance est forc\u00e9ment plus tragique.<\/p>\n<p>                        <a href=\"https:\/\/lejournal.info\/nos-auteurs\/boris-ene\/\" rel=\"nofollow noopener\" target=\"_blank\"><\/p>\n<p>                                    <img loading=\"lazy\" width=\"600\" height=\"505\" src=\"data:image\/svg+xml,%3Csvg%20xmlns=\" http:=\"\" class=\"img-fluid wp-post-image\" alt=\"\" decoding=\"async\" data-lazy- data-lazy- data-lazy-src=\"https:\/\/www.europesays.com\/fr\/wp-content\/uploads\/2025\/11\/71698224133__5A8C1639-3CA9-4DA8-A966-453808EFB6E8-600x505.jpg\"\/>                                <\/p>\n<p>                        <\/a><\/p>\n","protected":false},"excerpt":{"rendered":"S\u00c9RIE : TRANS-EUROPE-EXTR\u00caMES #3 La popularit\u00e9 des nationalistes allemands interroge les conservateurs de la CDU. Le chancelier Merz&hellip;\n","protected":false},"author":2,"featured_media":547853,"comment_status":"","ping_status":"","sticky":false,"template":"","format":"standard","meta":{"footnotes":""},"categories":[1587],"tags":[11,672,1804,1805,1803,1777,674,1801,12,1802],"class_list":{"0":"post-547852","1":"post","2":"type-post","3":"status-publish","4":"format-standard","5":"has-post-thumbnail","7":"category-allemagne","8":"tag-actualites","9":"tag-allemagne","10":"tag-bundesrepublik-deutschland","11":"tag-de","12":"tag-deutschland","13":"tag-eu","14":"tag-europe","15":"tag-germany","16":"tag-news","17":"tag-republique-federale-dallemagne"},"share_on_mastodon":{"url":"https:\/\/pubeurope.com\/@fr\/115584506639876185","error":""},"_links":{"self":[{"href":"https:\/\/www.europesays.com\/fr\/wp-json\/wp\/v2\/posts\/547852","targetHints":{"allow":["GET"]}}],"collection":[{"href":"https:\/\/www.europesays.com\/fr\/wp-json\/wp\/v2\/posts"}],"about":[{"href":"https:\/\/www.europesays.com\/fr\/wp-json\/wp\/v2\/types\/post"}],"author":[{"embeddable":true,"href":"https:\/\/www.europesays.com\/fr\/wp-json\/wp\/v2\/users\/2"}],"replies":[{"embeddable":true,"href":"https:\/\/www.europesays.com\/fr\/wp-json\/wp\/v2\/comments?post=547852"}],"version-history":[{"count":0,"href":"https:\/\/www.europesays.com\/fr\/wp-json\/wp\/v2\/posts\/547852\/revisions"}],"wp:featuredmedia":[{"embeddable":true,"href":"https:\/\/www.europesays.com\/fr\/wp-json\/wp\/v2\/media\/547853"}],"wp:attachment":[{"href":"https:\/\/www.europesays.com\/fr\/wp-json\/wp\/v2\/media?parent=547852"}],"wp:term":[{"taxonomy":"category","embeddable":true,"href":"https:\/\/www.europesays.com\/fr\/wp-json\/wp\/v2\/categories?post=547852"},{"taxonomy":"post_tag","embeddable":true,"href":"https:\/\/www.europesays.com\/fr\/wp-json\/wp\/v2\/tags?post=547852"}],"curies":[{"name":"wp","href":"https:\/\/api.w.org\/{rel}","templated":true}]}}