{"id":547854,"date":"2025-11-20T22:59:22","date_gmt":"2025-11-20T22:59:22","guid":{"rendered":"https:\/\/www.europesays.com\/fr\/547854\/"},"modified":"2025-11-20T22:59:22","modified_gmt":"2025-11-20T22:59:22","slug":"les-bleus-ambitieux-dentree-a-levi","status":"publish","type":"post","link":"https:\/\/www.europesays.com\/fr\/547854\/","title":{"rendered":"les Bleus ambitieux d\u2019entr\u00e9e \u00e0 Levi"},"content":{"rendered":"<p>La Coupe d\u2019Europe, antichambre de la Coupe du monde, d\u00e9bute ce vendredi avec un slalom masculin \u00e0 Levi. Les Fran\u00e7ais seront encore ambitieux sur le circuit continental, qui compte trois \u00e9tapes en France cet hiver.<\/p>\n<p>En piste pour la Coupe d\u2019Europe ! Une semaine apr\u00e8s la <strong><a href=\"https:\/\/www.ledauphine.com\/skichrono\/2025\/11\/17\/shiffrin-puissance-9-lucas-pinheiro-braathen-en-mode-samba-les-bleus-au-rendez-vous-revivez-les-slaloms-de-levi\" target=\"_blank\" rel=\"nofollow noopener\">Coupe du monde<\/a><\/strong>, Levi accueille le premier rendez-vous du circuit continental, ce vendredi. Les slalomeurs seront \u00e0 l\u2019honneur avec cette ouverture sur la Black (10h et 13h) avant d\u2019encha\u00eener dimanche \u00e0 Storklinten en Su\u00e8de. Une bonne occasion pour les Fran\u00e7ais de se montrer d\u2019entr\u00e9e \u00e0 l\u2019image d\u2019Hugo Desgrippes, qui \u00e9tait <strong><a href=\"https:\/\/www.ledauphine.com\/skichrono\/2025\/11\/16\/levi-clement-noel-dauphin-de-lucas-pinheiro-braathen-les-bleus-places\" target=\"_blank\" rel=\"nofollow noopener\">en piste dimanche dernier<\/a><\/strong> et n\u2019a pu se qualifier en seconde manche, Baptiste Sambuis, Auguste Aulnette, Paul Silvestre ou encore le champion de France Th\u00e9o Lopez.<\/p>\n<p>\u00a0<\/p>\n<p>Les dames ouvriront leur saison \u00e0 Zinal, avec deux g\u00e9ants, les 1er et 2 d\u00e9cembre, la station valaisane ch\u00e8re \u00e0 Patrice Morisod, accueillant ensuite deux g\u00e9ants hommes (4 et 5 d\u00e9cembre).<\/p>\n<p>  Trois \u00e9tapes en France<\/p>\n<p>Une fois de plus, la France sera \u00e0 l\u2019honneur sur le circuit continental avec trois \u00e9tapes au calendrier. Annul\u00e9s l\u2019an pass\u00e9 au dernier moment, les deux g\u00e9ants hommes de Valloire sont pr\u00e9vus les 16 et 17 d\u00e9cembre. Les Fran\u00e7aises seront, elles, \u00e0 domicile en janvier 2026, d\u2019abord \u00e0 Chamonix avec deux slaloms en nocturne les 23 et 24 janvier 2026 aux Planards, puis l\u2019habituel rendez-vous de vitesse (descentes, super-G), du 28 au 30 janvier.<\/p>\n","protected":false},"excerpt":{"rendered":"La Coupe d\u2019Europe, antichambre de la Coupe du monde, d\u00e9bute ce vendredi avec un slalom masculin \u00e0 Levi.&hellip;\n","protected":false},"author":2,"featured_media":547855,"comment_status":"","ping_status":"","sticky":false,"template":"","format":"standard","meta":{"footnotes":""},"categories":[1586],"tags":[11,1777,674,1011,27,12,25],"class_list":{"0":"post-547854","1":"post","2":"type-post","3":"status-publish","4":"format-standard","5":"has-post-thumbnail","7":"category-europe","8":"tag-actualites","9":"tag-eu","10":"tag-europe","11":"tag-fr","12":"tag-france","13":"tag-news","14":"tag-republique-francaise"},"share_on_mastodon":{"url":"https:\/\/pubeurope.com\/@fr\/115584510656862925","error":""},"_links":{"self":[{"href":"https:\/\/www.europesays.com\/fr\/wp-json\/wp\/v2\/posts\/547854","targetHints":{"allow":["GET"]}}],"collection":[{"href":"https:\/\/www.europesays.com\/fr\/wp-json\/wp\/v2\/posts"}],"about":[{"href":"https:\/\/www.europesays.com\/fr\/wp-json\/wp\/v2\/types\/post"}],"author":[{"embeddable":true,"href":"https:\/\/www.europesays.com\/fr\/wp-json\/wp\/v2\/users\/2"}],"replies":[{"embeddable":true,"href":"https:\/\/www.europesays.com\/fr\/wp-json\/wp\/v2\/comments?post=547854"}],"version-history":[{"count":0,"href":"https:\/\/www.europesays.com\/fr\/wp-json\/wp\/v2\/posts\/547854\/revisions"}],"wp:featuredmedia":[{"embeddable":true,"href":"https:\/\/www.europesays.com\/fr\/wp-json\/wp\/v2\/media\/547855"}],"wp:attachment":[{"href":"https:\/\/www.europesays.com\/fr\/wp-json\/wp\/v2\/media?parent=547854"}],"wp:term":[{"taxonomy":"category","embeddable":true,"href":"https:\/\/www.europesays.com\/fr\/wp-json\/wp\/v2\/categories?post=547854"},{"taxonomy":"post_tag","embeddable":true,"href":"https:\/\/www.europesays.com\/fr\/wp-json\/wp\/v2\/tags?post=547854"}],"curies":[{"name":"wp","href":"https:\/\/api.w.org\/{rel}","templated":true}]}}