{"id":547856,"date":"2025-11-20T23:00:17","date_gmt":"2025-11-20T23:00:17","guid":{"rendered":"https:\/\/www.europesays.com\/fr\/547856\/"},"modified":"2025-11-20T23:00:17","modified_gmt":"2025-11-20T23:00:17","slug":"jai-eu-une-operation-a-un-oeil-et-depuis-jhallucine-des-femmes-a-grosses-poitrines-cet-homme-a-eu-une-complication-plutot-inattendue-apres-une-chirurgie-de-routine","status":"publish","type":"post","link":"https:\/\/www.europesays.com\/fr\/547856\/","title":{"rendered":"\u00abJ\u2019ai eu une op\u00e9ration \u00e0 un oeil et depuis, j\u2019hallucine des femmes \u00e0 grosses poitrines\u00bb: cet homme a eu une complication plut\u00f4t inattendue apr\u00e8s une chirurgie de routine"},"content":{"rendered":"<p><strong>Un Britannique de 45 ans a eu la surprise et le d\u00e9sagr\u00e9ment (ou pas) d\u2019avoir une femme \u00e0 la poitrine plantureuse dans son champ de vision pendant 10 jours.<\/strong><\/p>\n<p>C\u2019est en ao\u00fbt dernier que Mark Bryan a subi une intervention chirurgicale au laser \u00e0 l\u2019oeil pour traiter des cicatrices dues \u00e0 une r\u00e9tinopathie, elle-m\u00eame caus\u00e9e par le diab\u00e8te dont il souffre depuis plus de vingt ans.<\/p>\n<p class=\"toreadalso-fromEMP\"><strong>\u2022 \u00c0 lire aussi: <\/strong><a href=\"https:\/\/www.lesacdechips.com\/2023\/04\/19\/une-creatrice-de-contenu-onlyfans-a-lance-un-gofundme-pour-se-payer-la-poitrine-volumineuse-de-ses-reves\" target=\"986f478c-fd1d-4a2f-b69e-5cdbe4bf021a\" rel=\"nofollow noopener\"><strong>Une cr\u00e9atrice de contenu OnlyFans a lanc\u00e9 un GoFundMe pour se payer la poitrine volumineuse de ses r\u00eaves<\/strong><\/a><\/p>\n<p>Cependant, six jours apr\u00e8s l\u2019op\u00e9ration, alors qu\u2019il se faisait cuire des saucisses, le Londonien a commenc\u00e9 \u00e0 apercevoir une \u00e9trange silhouette dans le coin de son champ de vision.<\/p>\n<p>\u00abC\u2019\u00e9tait tr\u00e8s dr\u00f4le. Je me sentais comme quand j\u2019\u00e9tais ado. J\u2019avais une affiche de Pamela Anderson sur mon mur quand j\u2019\u00e9tais plus jeune, et l\u00e0, c\u2019est comme si elle \u00e9tait accroch\u00e9e dans mon visage\u00bb, a racont\u00e9 au <a href=\"https:\/\/www.mirror.co.uk\/news\/weird-news\/i-eye-surgery-could-see-36200137\" target=\"_blank\" rel=\"nofollow noopener\">Mirror<\/a> la victime de l\u2019hallucination.<\/p>\n<p>Et il a trouv\u00e9 un surnom \u00e0 cette femme dot\u00e9e de \u00abseins de style Baywatch\u00bb (ce sont ses propres mots): Taloula.<\/p>\n<p>\u00abMa femme me regardait comme si j\u2019avais perdu la t\u00eate. Moi, je continuais de niaiser en disant que j\u2019allais la quitter pour Taloula. Pour \u00eatre honn\u00eate, je pensais que j\u2019avais peut-\u00eatre perdu la t\u00eate, moi aussi. Et m\u00eame si c\u2019\u00e9tait hilarant, \u00e7a me donnait la chienne. \u00c7a n\u2019arr\u00eatait pas d\u2019appara\u00eetre et de repartir.\u00bb<\/p>\n<p>Son hallucination de femme \u00e0 la poitrine g\u00e9n\u00e9reuse le suivait partout: quand il se brossait les dents ou quand il regardait la t\u00e9l\u00e9, par exemple.<\/p>\n<p class=\"toreadalso-fromEMP\"><strong>\u2022 \u00c0 lire aussi: <\/strong><a href=\"https:\/\/www.lesacdechips.com\/2024\/09\/19\/une-creatrice-de-contenu-onlyfans-devoile-sa-poitrine-a-un-rassemblement-de-donald-trump\" target=\"b0a24217-b06e-44bd-b05a-14c3283d64bf\" rel=\"nofollow noopener\"><strong>Une cr\u00e9atrice de contenu OnlyFans d\u00e9voile sa poitrine \u00e0 un rassemblement de Donald Trump<\/strong><\/a><\/p>\n<p>Apr\u00e8s deux jours, Bryan n\u2019osait m\u00eame plus sortir de chez lui, puisque que les gros seins avaient commenc\u00e9 \u00e0 se superposer aux corps des gens qu\u2019il rencontrait lors de ses sorties.<\/p>\n<p>Pour chasser Taloula, il n\u2019avait alors que deux options: se concentrer intens\u00e9ment sur quelque chose d\u2019autre ou dire des jurons \u00e0 voix haute. (Il n\u2019a pas pr\u00e9cis\u00e9 lequel de ces deux choix il privil\u00e9giait.)<\/p>\n<p>Apr\u00e8s dix jours de vie commune avec Taloula, cette derni\u00e8re a finalement fini par s\u2019estomper.<\/p>\n<p>Selon l\u2019optom\u00e9triste qu\u2019il a consult\u00e9, les hallucinations qu\u2019il a v\u00e9cues ont \u00e9t\u00e9 caus\u00e9es par le syndrome de Charles Bonnet, qui est d\u00e9fini comme \u00e9tant un \u00ab\u00e9tat m\u00e9dical dont souffrent des gens ayant subi une importante perte de vision\u00bb.<\/p>\n<p class=\"toreadalso-fromEMP\"><strong>\u2022 \u00c0 lire aussi: <\/strong><a href=\"https:\/\/www.lesacdechips.com\/2025\/03\/13\/bianca-censori-fait-du-patin-a-roulettes-en-sous-vetements-transparents\" target=\"18aaa209-5250-4ec5-92fc-c97723679b74\" rel=\"nofollow noopener\"><strong>Bianca Censori fait du patin \u00e0 roulettes en sous-v\u00eatements transparents<\/strong><\/a><\/p>\n<p>\u00abLes personnes atteintes de ce trouble voient des choses qui ne sont pas vraiment l\u00e0 \u2013 des couleurs, des formes et parfois des images plus complexes\u00bb, pr\u00e9cise l\u2019<a href=\"https:\/\/opto.ca\/fr\/bibliotheque-sante-oculovisuelle\/syndrome-de-charles-bonnet\" target=\"_blank\" rel=\"nofollow noopener\">Association canadienne des optom\u00e9tristes<\/a>.<\/p>\n<p>Dans le cas de Mark Bryan, le SCB a \u00e9t\u00e9 engendr\u00e9 par le cerveau qui cherchait \u00e0 compenser pour le manque d\u2019informations re\u00e7ues par l\u2019oeil droit (puisque ce dernier \u00e9tait recouvert d\u2019un pansement).<\/p>\n<p>Sur la table d\u2019op\u00e9ration, les m\u00e9decins avaient plac\u00e9 une bulle d\u2019air sur son oeil pour assurer une gu\u00e9rison efficace de sa macula (une partie de la r\u00e9tine).<\/p>\n<p>C\u2019est le vacillement de la bulle d\u2019air qui aurait donn\u00e9 l\u2019aspect \u00abtr\u00e8s anim\u00e9\u00bb aux \u00abseins de style Baywatch\u00bb.<\/p>\n<p>Au fur et \u00e0 mesure que la bulle d\u2019air a diminu\u00e9 en taille, la poitrine de Taloula a gagn\u00e9 en modestie.<\/p>\n<p>\u00abC\u2019\u00e9tait d\u00e9cevant. Apr\u00e8s trois semaines, la pauvre Taloula avait plut\u00f4t l\u2019air d\u2019un gars en b\u00e9daine\u00bb, a conclu philosophiquement le Britannique r\u00e9sign\u00e9.<\/p>\n<p>Sondage<\/p>\n<p>Aimeriez-vous avoir ce probl\u00e8me?<\/p>\n<p><img decoding=\"async\" src=\"\"\/><\/p>\n<p>Non, cela m&rsquo;indisposerait<\/p>\n<p><img decoding=\"async\" src=\"\"\/><\/p>\n<p>Oui, je crois que je vivrais bien avec cela<\/p>\n<p><img decoding=\"async\" src=\"\"\/><\/p>\n<p>Je l&rsquo;ai d\u00e9j\u00e0<\/p>\n<p><img decoding=\"async\" alt=\"\" src=\"https:\/\/theme.journaldemontreal.com\/assets\/bc5e6e4\/images\/icon\/social-media\/icon-fb-simple.svg\"\/><\/p>\n<p>Partagez votre r\u00e9sultat sur Facebook<\/p>\n","protected":false},"excerpt":{"rendered":"Un Britannique de 45 ans a eu la surprise et le d\u00e9sagr\u00e9ment (ou pas) d\u2019avoir une femme \u00e0&hellip;\n","protected":false},"author":2,"featured_media":547857,"comment_status":"","ping_status":"","sticky":false,"template":"","format":"standard","meta":{"footnotes":""},"categories":[1586],"tags":[11,1777,674,1779,1011,27,12,25,1778,364],"class_list":{"0":"post-547856","1":"post","2":"type-post","3":"status-publish","4":"format-standard","5":"has-post-thumbnail","7":"category-europe","8":"tag-actualites","9":"tag-eu","10":"tag-europe","11":"tag-european-union","12":"tag-fr","13":"tag-france","14":"tag-news","15":"tag-republique-francaise","16":"tag-ue","17":"tag-union-europeenne"},"share_on_mastodon":{"url":"https:\/\/pubeurope.com\/@fr\/115584515656293840","error":""},"_links":{"self":[{"href":"https:\/\/www.europesays.com\/fr\/wp-json\/wp\/v2\/posts\/547856","targetHints":{"allow":["GET"]}}],"collection":[{"href":"https:\/\/www.europesays.com\/fr\/wp-json\/wp\/v2\/posts"}],"about":[{"href":"https:\/\/www.europesays.com\/fr\/wp-json\/wp\/v2\/types\/post"}],"author":[{"embeddable":true,"href":"https:\/\/www.europesays.com\/fr\/wp-json\/wp\/v2\/users\/2"}],"replies":[{"embeddable":true,"href":"https:\/\/www.europesays.com\/fr\/wp-json\/wp\/v2\/comments?post=547856"}],"version-history":[{"count":0,"href":"https:\/\/www.europesays.com\/fr\/wp-json\/wp\/v2\/posts\/547856\/revisions"}],"wp:featuredmedia":[{"embeddable":true,"href":"https:\/\/www.europesays.com\/fr\/wp-json\/wp\/v2\/media\/547857"}],"wp:attachment":[{"href":"https:\/\/www.europesays.com\/fr\/wp-json\/wp\/v2\/media?parent=547856"}],"wp:term":[{"taxonomy":"category","embeddable":true,"href":"https:\/\/www.europesays.com\/fr\/wp-json\/wp\/v2\/categories?post=547856"},{"taxonomy":"post_tag","embeddable":true,"href":"https:\/\/www.europesays.com\/fr\/wp-json\/wp\/v2\/tags?post=547856"}],"curies":[{"name":"wp","href":"https:\/\/api.w.org\/{rel}","templated":true}]}}