{"id":547860,"date":"2025-11-20T23:02:17","date_gmt":"2025-11-20T23:02:17","guid":{"rendered":"https:\/\/www.europesays.com\/fr\/547860\/"},"modified":"2025-11-20T23:02:17","modified_gmt":"2025-11-20T23:02:17","slug":"pourquoi-eve-gilles-va-faire-face-a-4-autres-francaises-cette-nuit","status":"publish","type":"post","link":"https:\/\/www.europesays.com\/fr\/547860\/","title":{"rendered":"pourquoi \u00c8ve Gilles va faire face \u00e0 4 autres Fran\u00e7aises cette nuit"},"content":{"rendered":"<p class=\"article-p mdl\">La France a cinq chances de d\u00e9crocher la couronne de Miss Univers 2025. \u00c8ve\u00a0Gilles, Miss France 2024, repr\u00e9sentera la France hexagonale, Nourya Aboutoihi Mayotte, Oph\u00e9ly M\u00e9zino la Guadeloupe et C\u00e9lya Abatucci la Martinique. Et quand la concurrence n\u2019est pas ultramarine, elle peut aussi venir de candidates binationales.\u00a0<\/p>\n<p class=\"article-p mdl\">Miss Bulgarie, Gaby Guha, est en fait franco-bulgare. N\u00e9e dans la r\u00e9gion de Marseille, elle a \u00e9t\u00e9 \u00e9lue Miss Europe 2020 sous les couleurs de la France.\u00a0Mais cette fois, c\u2019est pour son deuxi\u00e8me pays qu\u2019elle porte l\u2019\u00e9charpe. Cette constellation de beaut\u00e9s fran\u00e7aises qui fait d\u00e9j\u00e0 sensation sera \u00e0 suivre sur Paris Premi\u00e8re.<\/p>\n<p class=\"article-p mdl\">Mais pourquoi plusieurs Miss fran\u00e7aises participent \u00e0\u00a0<a class=\"link\" href=\"https:\/\/www.rtl.fr\/culture\/culture-generale\/miss-france-2026-quelle-candidate-a-eu-la-meilleure-note-au-test-de-culture-generale-7900566501\" target=\"_blank\" rel=\"noopener\">Miss Univers<\/a>\u00a0? Comme pour Miss Monde, les Antilles et certains territoires ultramarins ne concourent pas sous la banni\u00e8re de la m\u00e9tropole. La g\u00e9ographie prime sur l\u2019administration : les d\u00e9partements \u00e9loign\u00e9s de plusieurs milliers de kilom\u00e8tres participent dans des groupes r\u00e9gionaux distincts. Ainsi, en 2024, lors de Miss Monde, Agathe Cauet concourait pour l\u2019Europe tandis que les candidates ultramarines \u00e9taient int\u00e9gr\u00e9es au groupe Am\u00e9riques et Cara\u00efbes.<\/p>\n<p class=\"article-p mdl\"><a class=\"link\" href=\"https:\/\/www.rtl.fr\/culture\/medias-people\/miss-univers-2025-qui-sont-les-grandes-favorites-de-cette-edition-7900568931\" title=\"Miss Univers 2025 : qui sont les grandes favorites de cette \u00e9dition ?\" target=\"_blank\" rel=\"noopener\">Les candidates fran\u00e7aises tenteront de succ\u00e9der \u00e0 Victoria Kjaer, Miss Danemark et Miss Univers 2024<\/a>. La derni\u00e8re Fran\u00e7aise \u00e0 avoir remport\u00e9 le titre reste Iris Mittenaere, sacr\u00e9e en 2016.<\/p>\n<p>            \u00c8ve Gilles, d\u00e9j\u00e0 favorite sur les r\u00e9seaux sociaux<\/p>\n<p class=\"article-p mdl\">Populaire sur les r\u00e9seaux sociaux,\u00a0<a class=\"link\" href=\"https:\/\/www.rtl.fr\/culture\/medias-people\/qui-est-eve-gilles-la-premiere-miss-france-aux-cheveux-courts-7900332644\" target=\"_blank\" rel=\"noopener\">\u00c8ve Gilles<\/a>\u00a0semble s&rsquo;imposer comme l\u2019une des favorites de cette \u00e9dition. \u00c0 22 ans, elle a fait le choix de participer \u00e0 Miss Univers plut\u00f4t qu\u2019\u00e0 Miss Monde.\u00a0<\/p>\n<p class=\"article-p mdl\">Un choix m\u00fbrement r\u00e9fl\u00e9chi, comme elle l\u2019a expliqu\u00e9 \u00e0\u00a0<a class=\"link\" href=\"https:\/\/www.programme-tv.net\/news\/evenement\/miss-france-miss-france\/390491-eve-gilles-se-confie-sur-sa-preparation-pour-miss-univers-danse-avec-les-stars-ma-beaucoup-aidee\/\" target=\"_blank\" rel=\"noopener\">T\u00e9l\u00e9-Loisirs<\/a>\u00a0: \u00ab\u00a0Le choix a \u00e9t\u00e9 rapidement fait. Mes deux crit\u00e8res pour un concours international, c\u2019est mettre un projet en avant. Je ne veux pas faire un concours juste pour moi, pour me faire kiffer, \u00e7a doit vraiment r\u00e9pondre \u00e0 des attentes plus grandes, \u00e7a doit \u00eatre un engagement. Et \u00e7a me permet d\u2019exprimer mon c\u00f4t\u00e9 show girl parce que j\u2019adore la sc\u00e8ne, et c\u2019est peut-\u00eatre un peu plus pr\u00e9sent sur Miss Univers que sur Miss Monde. C\u2019est vrai que Danse avec les stars m\u2019a beaucoup aid\u00e9e pour \u00e7a.\u00a0\u00bb<\/p>\n<p>    La r\u00e9daction vous recommande<\/p>\n<p class=\"s-newsletter__title\">\n                L\u2019actualit\u00e9 par la r\u00e9daction de RTL dans votre bo\u00eete mail.\n            <\/p>\n<p class=\"s-newsletter__subtitle\">\n                Gr\u00e2ce \u00e0 votre compte RTL abonnez-vous \u00e0 la newsletter RTL info pour suivre toute l&rsquo;actualit\u00e9 au quotidien\n            <\/p>\n<p>\n                                    Lire la suite\n                                <\/p>\n","protected":false},"excerpt":{"rendered":"La France a cinq chances de d\u00e9crocher la couronne de Miss Univers 2025. \u00c8ve\u00a0Gilles, Miss France 2024, repr\u00e9sentera&hellip;\n","protected":false},"author":2,"featured_media":547861,"comment_status":"","ping_status":"","sticky":false,"template":"","format":"standard","meta":{"footnotes":""},"categories":[2],"tags":[1111,11,2414,107,1011,27,500,30091,12,25,252],"class_list":{"0":"post-547860","1":"post","2":"type-post","3":"status-publish","4":"format-standard","5":"has-post-thumbnail","7":"category-actualites","8":"tag-actu","9":"tag-actualites","10":"tag-fil-culture","11":"tag-fil-info","12":"tag-fr","13":"tag-france","14":"tag-medias","15":"tag-miss-univers","16":"tag-news","17":"tag-republique-francaise","18":"tag-television"},"share_on_mastodon":{"url":"https:\/\/pubeurope.com\/@fr\/115584522546928444","error":""},"_links":{"self":[{"href":"https:\/\/www.europesays.com\/fr\/wp-json\/wp\/v2\/posts\/547860","targetHints":{"allow":["GET"]}}],"collection":[{"href":"https:\/\/www.europesays.com\/fr\/wp-json\/wp\/v2\/posts"}],"about":[{"href":"https:\/\/www.europesays.com\/fr\/wp-json\/wp\/v2\/types\/post"}],"author":[{"embeddable":true,"href":"https:\/\/www.europesays.com\/fr\/wp-json\/wp\/v2\/users\/2"}],"replies":[{"embeddable":true,"href":"https:\/\/www.europesays.com\/fr\/wp-json\/wp\/v2\/comments?post=547860"}],"version-history":[{"count":0,"href":"https:\/\/www.europesays.com\/fr\/wp-json\/wp\/v2\/posts\/547860\/revisions"}],"wp:featuredmedia":[{"embeddable":true,"href":"https:\/\/www.europesays.com\/fr\/wp-json\/wp\/v2\/media\/547861"}],"wp:attachment":[{"href":"https:\/\/www.europesays.com\/fr\/wp-json\/wp\/v2\/media?parent=547860"}],"wp:term":[{"taxonomy":"category","embeddable":true,"href":"https:\/\/www.europesays.com\/fr\/wp-json\/wp\/v2\/categories?post=547860"},{"taxonomy":"post_tag","embeddable":true,"href":"https:\/\/www.europesays.com\/fr\/wp-json\/wp\/v2\/tags?post=547860"}],"curies":[{"name":"wp","href":"https:\/\/api.w.org\/{rel}","templated":true}]}}