{"id":547866,"date":"2025-11-20T23:06:14","date_gmt":"2025-11-20T23:06:14","guid":{"rendered":"https:\/\/www.europesays.com\/fr\/547866\/"},"modified":"2025-11-20T23:06:14","modified_gmt":"2025-11-20T23:06:14","slug":"un-springbok-gardera-un-mauvais-souvenir-des-bleus","status":"publish","type":"post","link":"https:\/\/www.europesays.com\/fr\/547866\/","title":{"rendered":"Un Springbok gardera un mauvais souvenir des Bleus"},"content":{"rendered":"<p><strong>Expuls\u00e9 le 8 novembre dernier<br \/>\nface au XV de France \u00e0 Saint-Denis pour un plaquage dangereux sur<br \/>\nThomas Ramos, Lood de Jager avait \u00e9t\u00e9 suspendu quatre matchs. Le<br \/>\ndeuxi\u00e8me ligne des Springboks avait fait appel de la d\u00e9cision mais<br \/>\nil n&rsquo;a pas \u00e9t\u00e9 entendu.<\/strong><\/p>\n<p>De nouveau bourreau des Bleus avec l\u2019Afrique du Sud (32-17) au<br \/>\nStade de France, le 8 novembre dernier lors du premier rendez-vous<br \/>\ndes Fran\u00e7ais dans le cadre de la tourn\u00e9e d\u2019automne, Lood de Jager<br \/>\n(32 ans) pensait avoir tout gagn\u00e9 ce soir-l\u00e0. C\u2019est rat\u00e9. Sur le<br \/>\nterrain d\u00e9j\u00e0, le deuxi\u00e8me ligne de ces Springboks doubles champions<br \/>\ndu monde en titre avait v\u00e9cu une bien mauvaise soir\u00e9e.<\/p>\n<p>Pour un plaquage sur l\u2019arri\u00e8re tricolore Thomas Ramos, consid\u00e9r\u00e9<br \/>\ncomme ill\u00e9gal par les arbitres, estimant que l\u2019\u00e9paule du<br \/>\nSud-Africain avait heurt\u00e9 le c\u00f4t\u00e9 du cr\u00e2ne du num\u00e9ro 15 du Stade<br \/>\nToulousain, le joueur de la franchise japonaise des Saitama Wild<br \/>\nKnights avait re\u00e7u un carton rouge en premi\u00e8re mi-temps, sans m\u00eame<br \/>\npasser par ce fameux bunker, qui peut permettre \u00e0 un joueur expuls\u00e9<br \/>\nde revenir sur le terrain dix minutes apr\u00e8s en \u00eatre sorti.<\/p>\n<p>Persuad\u00e9 d\u2019avoir \u00e9t\u00e9 victime d\u2019une injustice et certain de la<br \/>\nm\u00eame fa\u00e7on que son intervention ne justifiait pas un carton rouge,<br \/>\nnotamment en raison de la diff\u00e9rence de taille avec son adversaire<br \/>\n(NDLR : De Jager mesure 2,06m, Ramos, 1,78m), le deuxi\u00e8me ligne aux<br \/>\n73 s\u00e9lections sous le maillot des Springboks, suspendu par la suite<br \/>\npour quatre matchs (comme le veut le r\u00e9glement), avait fait appel<br \/>\nde la d\u00e9cision.<\/p>\n<p><strong>De Jager devra purger sa<br \/>\nsuspension<\/strong><\/p>\n<p>Depuis jeudi, De Jager sait qu\u2019il n\u2019a pas \u00e9t\u00e9 entendu, et son<br \/>\nrecours retoqu\u00e9. \u00ab\u00a0Apr\u00e8s examen du dossier pr\u00e9sent\u00e9 \u00e0 la<br \/>\ncommission de discipline et compte tenu des arguments avanc\u00e9s par<br \/>\nl\u2019appelant, la commission d\u2019appel a rejet\u00e9 l\u2019appel concernant la<br \/>\nd\u00e9cision de sanction pour jeu d\u00e9loyal justifiant un carton rouge<br \/>\nainsi que la suspension\u00a0\u00bb, indique le communiqu\u00e9.<\/p>\n<p>Le Sud-Africain, qui manquera ce week-end le d\u00e9placement \u00e0<br \/>\nDublin, o\u00f9 les doubles champions du monde sortants affronteront<br \/>\nl\u2019Irlande (avec de nouveau leur \u00e9quipe-type, qui avait corrig\u00e9 les<br \/>\nBleus \u00e0 Saint-Denis), reste donc suspendu. Et sans pouvoir faire de<br \/>\nnouveau appel cette fois.<\/p>\n","protected":false},"excerpt":{"rendered":"Expuls\u00e9 le 8 novembre dernier face au XV de France \u00e0 Saint-Denis pour un plaquage dangereux sur Thomas&hellip;\n","protected":false},"author":2,"featured_media":547867,"comment_status":"","ping_status":"","sticky":false,"template":"","format":"standard","meta":{"footnotes":""},"categories":[1416],"tags":[1011,27,479,1468,57681,60],"class_list":{"0":"post-547866","1":"post","2":"type-post","3":"status-publish","4":"format-standard","5":"has-post-thumbnail","7":"category-rugby","8":"tag-fr","9":"tag-france","10":"tag-rugby","11":"tag-rugby-football","12":"tag-sport365-fr","13":"tag-sports"},"share_on_mastodon":{"url":"https:\/\/pubeurope.com\/@fr\/115584538066667690","error":""},"_links":{"self":[{"href":"https:\/\/www.europesays.com\/fr\/wp-json\/wp\/v2\/posts\/547866","targetHints":{"allow":["GET"]}}],"collection":[{"href":"https:\/\/www.europesays.com\/fr\/wp-json\/wp\/v2\/posts"}],"about":[{"href":"https:\/\/www.europesays.com\/fr\/wp-json\/wp\/v2\/types\/post"}],"author":[{"embeddable":true,"href":"https:\/\/www.europesays.com\/fr\/wp-json\/wp\/v2\/users\/2"}],"replies":[{"embeddable":true,"href":"https:\/\/www.europesays.com\/fr\/wp-json\/wp\/v2\/comments?post=547866"}],"version-history":[{"count":0,"href":"https:\/\/www.europesays.com\/fr\/wp-json\/wp\/v2\/posts\/547866\/revisions"}],"wp:featuredmedia":[{"embeddable":true,"href":"https:\/\/www.europesays.com\/fr\/wp-json\/wp\/v2\/media\/547867"}],"wp:attachment":[{"href":"https:\/\/www.europesays.com\/fr\/wp-json\/wp\/v2\/media?parent=547866"}],"wp:term":[{"taxonomy":"category","embeddable":true,"href":"https:\/\/www.europesays.com\/fr\/wp-json\/wp\/v2\/categories?post=547866"},{"taxonomy":"post_tag","embeddable":true,"href":"https:\/\/www.europesays.com\/fr\/wp-json\/wp\/v2\/tags?post=547866"}],"curies":[{"name":"wp","href":"https:\/\/api.w.org\/{rel}","templated":true}]}}