{"id":547868,"date":"2025-11-20T23:07:17","date_gmt":"2025-11-20T23:07:17","guid":{"rendered":"https:\/\/www.europesays.com\/fr\/547868\/"},"modified":"2025-11-20T23:07:17","modified_gmt":"2025-11-20T23:07:17","slug":"rennae-stubbs-previent-alcaraz-et-sinner-tennistemple","status":"publish","type":"post","link":"https:\/\/www.europesays.com\/fr\/547868\/","title":{"rendered":"Rennae Stubbs pr\u00e9vient Alcaraz et Sinner \u2022 TennisTemple"},"content":{"rendered":"\n<p>La saison touche \u00e0 sa fin, mais les regards se tournent d\u00e9j\u00e0 vers Melbourne. Alcaraz et Sinner sont les favoris annonc\u00e9s, mais Rennae Stubbs voit Novak Djokovic comme un danger pour le Big 2 du circuit masculin.<\/p>\n<p>  <img decoding=\"async\" src=\"https:\/\/www.europesays.com\/fr\/wp-content\/uploads\/2025\/11\/1763659800034.webp.webp\" fetchpriority=\"high\" alt=\"\u00ab Novak va tout miser sur Melbourne \u00bb : Rennae Stubbs pr\u00e9vient Alcaraz et Sinner\"\/>     <\/p>\n<p>La saison n&rsquo;est pas encore tout \u00e0 fait termin\u00e9e avec la Coupe Davis cette semaine, mais un bon nombre de joueurs sont d\u00e9sormais en pleine intersaison, avec de nouveaux objectifs fix\u00e9s pour 2026.<\/p>\n<p>Carlos Alcaraz et Jannik Sinner, tous deux absents \u00e0 Bologne, feront de l&rsquo;Open d&rsquo;Australie leur grande priorit\u00e9 pour d\u00e9buter la saison, et partiront logiquement comme les deux favoris pour la victoire finale.<\/p>\n<p>Cependant, l&rsquo;ancienne joueuse Rennae Stubbs consid\u00e8re que Novak Djokovic, recordman du nombre de titres \u00e0 Melbourne (10), pourrait une nouvelle fois les emb\u00eater :<\/p>\n<p>\u00ab Novak a les yeux riv\u00e9s sur l&rsquo;Australie. Il s&rsquo;en fichait des ATP Finals, il ne les a pas jou\u00e9s. Je pense qu\u2019il va investir tout son temps et toute son \u00e9nergie pour se donner \u00e0 fond une derni\u00e8re fois et gagner l\u00e0-bas.<\/p>\n<p>Il est le seul capable de venir bousculer les plans de Carlos et Jannik. Carlos n&rsquo;a jamais atteint la finale l\u00e0-bas. Novak l&rsquo;a \u00e9cras\u00e9 cette ann\u00e9e. Carlos a jou\u00e9 un tr\u00e8s bon set, mais dans l&rsquo;ensemble Novak \u00e9tait le meilleur joueur.<\/p>\n<p>Je pense qu&rsquo;il arrivera \u00e0 Melbourne en se disant : &lsquo;Je sais que je peux atteindre les demi-finales, la finale, et je sais que j&rsquo;ai une opportunit\u00e9 de gagner une derni\u00e8re fois.&rsquo;<\/p>\n<p>Je ne pense pas qu&rsquo;il batte quelqu&rsquo;un comme Jannik sur ce court, il est devenu trop fort. Mais c&rsquo;est peut-\u00eatre le seul endroit o\u00f9 Novak peut le faire.<\/p>\n<p>Il y a aussi les blessures. Une blessure peut arriver \u00e0 n&rsquo;importe quel joueur, et il y a eu quelques joueurs qui ont remport\u00e9 un Grand Chelem parce qu\u2019un autre joueur s\u2019\u00e9tait bless\u00e9. \u00bb<\/p>\n","protected":false},"excerpt":{"rendered":"La saison touche \u00e0 sa fin, mais les regards se tournent d\u00e9j\u00e0 vers Melbourne. Alcaraz et Sinner sont&hellip;\n","protected":false},"author":2,"featured_media":547869,"comment_status":"","ping_status":"","sticky":false,"template":"","format":"standard","meta":{"footnotes":""},"categories":[1415],"tags":[1011,27,60,1467],"class_list":{"0":"post-547868","1":"post","2":"type-post","3":"status-publish","4":"format-standard","5":"has-post-thumbnail","7":"category-tennis","8":"tag-fr","9":"tag-france","10":"tag-sports","11":"tag-tennis"},"share_on_mastodon":{"url":"https:\/\/pubeurope.com\/@fr\/115584542605696573","error":""},"_links":{"self":[{"href":"https:\/\/www.europesays.com\/fr\/wp-json\/wp\/v2\/posts\/547868","targetHints":{"allow":["GET"]}}],"collection":[{"href":"https:\/\/www.europesays.com\/fr\/wp-json\/wp\/v2\/posts"}],"about":[{"href":"https:\/\/www.europesays.com\/fr\/wp-json\/wp\/v2\/types\/post"}],"author":[{"embeddable":true,"href":"https:\/\/www.europesays.com\/fr\/wp-json\/wp\/v2\/users\/2"}],"replies":[{"embeddable":true,"href":"https:\/\/www.europesays.com\/fr\/wp-json\/wp\/v2\/comments?post=547868"}],"version-history":[{"count":0,"href":"https:\/\/www.europesays.com\/fr\/wp-json\/wp\/v2\/posts\/547868\/revisions"}],"wp:featuredmedia":[{"embeddable":true,"href":"https:\/\/www.europesays.com\/fr\/wp-json\/wp\/v2\/media\/547869"}],"wp:attachment":[{"href":"https:\/\/www.europesays.com\/fr\/wp-json\/wp\/v2\/media?parent=547868"}],"wp:term":[{"taxonomy":"category","embeddable":true,"href":"https:\/\/www.europesays.com\/fr\/wp-json\/wp\/v2\/categories?post=547868"},{"taxonomy":"post_tag","embeddable":true,"href":"https:\/\/www.europesays.com\/fr\/wp-json\/wp\/v2\/tags?post=547868"}],"curies":[{"name":"wp","href":"https:\/\/api.w.org\/{rel}","templated":true}]}}