{"id":547882,"date":"2025-11-20T23:19:18","date_gmt":"2025-11-20T23:19:18","guid":{"rendered":"https:\/\/www.europesays.com\/fr\/547882\/"},"modified":"2025-11-20T23:19:18","modified_gmt":"2025-11-20T23:19:18","slug":"une-nouvelle-image-pour-le-film-que-warner-avait-enterre","status":"publish","type":"post","link":"https:\/\/www.europesays.com\/fr\/547882\/","title":{"rendered":"une nouvelle image pour le film que Warner avait enterr\u00e9"},"content":{"rendered":"<p><strong>Apr\u00e8s avoir fr\u00f4l\u00e9 la destruction pure et simple, <a href=\"https:\/\/www.ecranlarge.com\/films\/1495781-coyote-vs-acme\" data-type=\"films\" data-id=\"796386\" rel=\"nofollow noopener\" target=\"_blank\">Coyote vs Acme<\/a> refait surface avec une image in\u00e9dite, preuve que le miracul\u00e9 de <a href=\"https:\/\/www.ecranlarge.com\/personnalite\/1189250-warner-bros\" data-type=\"people\" data-id=\"804988\" rel=\"nofollow noopener\" target=\"_blank\">Warner Bros.<\/a> a encore quelques inventions made in ACME en r\u00e9serve<\/strong>.<\/p>\n<p>Longtemps consid\u00e9r\u00e9 comme l\u2019un des plus <a href=\"https:\/\/www.ecranlarge.com\/films\/news\/connerie-annulation-coyote-vs-acme-enerve-acteur\" data-type=\"link\" data-id=\"https:\/\/www.ecranlarge.com\/films\/news\/connerie-annulation-coyote-vs-acme-enerve-acteur\" rel=\"nofollow noopener\" target=\"_blank\">absurdes dommages collat\u00e9raux de la politique comptable de Warner Bros<\/a>.,<strong> Coyote vs Acme<\/strong> a pourtant bien failli ne jamais atteindre les salles. Achev\u00e9 en 2023, rang\u00e9 sur une \u00e9tag\u00e8re, puis officiellement abandonn\u00e9 pour raisons fiscales, le projet de <a href=\"https:\/\/www.ecranlarge.com\/personnalite\/833882-dave-green\" data-type=\"people\" data-id=\"465899\" rel=\"nofollow noopener\" target=\"_blank\">Dave Green<\/a> n\u2019a surv\u00e9cu que gr\u00e2ce \u00e0 une mobilisation g\u00e9n\u00e9rale de l\u2019industrie et d\u2019une partie du public. <\/p>\n<p>Finalement, Warner a consenti \u00e0 c\u00e9der le film \u00e0 Ketchup Entertainment, sauveur improbable mais providentiel. De fait, le long-m\u00e9trage mi-animation mi-live action, inspir\u00e9 d\u2019<strong>un article du New Yorker centr\u00e9 sur Vil Coyote<\/strong>, sortira bel et bien en 2026.<\/p>\n<p>                    <img decoding=\"async\" alt=\"\" class=\"wp-image-518375\" style=\"object-fit:cover;width:25px;height:25px\" src=\"https:\/\/www.ecranlarge.com\/content\/uploads\/2023\/09\/arrow-right-circle.svg\"\/><\/p>\n<p>Le film se pr\u00e9sente comme<strong> une fable juridique.<\/strong> Lass\u00e9 d\u2019\u00eatre transform\u00e9 en confettis par les gadgets d\u00e9fectueux de la firme ACME, Vil Coyote d\u00e9cide donc d\u2019assigner son fournisseur en justice. Apr\u00e8s avoir d\u00e9voil\u00e9 <a href=\"https:\/\/www.ecranlarge.com\/films\/news\/coyote-vs-acme-nouvelles-images-date-sortie\" data-type=\"link\" data-id=\"https:\/\/www.ecranlarge.com\/films\/news\/coyote-vs-acme-nouvelles-images-date-sortie\" rel=\"nofollow noopener\" target=\"_blank\">quelques images de <strong>Coyote vs Acme<\/strong><\/a>, Ketchup Entertainment a livr\u00e9 une nouvelle image in\u00e9dite de son film, en exclusivit\u00e9 chez le m\u00e9dia Empire. <\/p>\n<p><img loading=\"lazy\" decoding=\"async\" width=\"992\" height=\"558\" alt=\"\" src=\"https:\/\/www.europesays.com\/fr\/wp-content\/uploads\/2025\/11\/coyote-vs-acme-excl_jpg.jpg\"  \/><\/p>\n<p>Nouvelle image exclusive chez EmpireLe blues du Coyote vs Acme<\/p>\n<p>Empire a d\u00e9voil\u00e9 un aper\u00e7u in\u00e9dit o\u00f9 l\u2019on d\u00e9couvre<strong> Wile E. Coyote \u00e9quip\u00e9 de rollers \u00e0 r\u00e9action, \u00e9videmment estampill\u00e9s ACME,<\/strong> pr\u00eat \u00e0 foncer droit vers une \u00e9ni\u00e8me catastrophe. La pose est famili\u00e8re : corps tendu, regard d\u00e9termin\u00e9, destin d\u00e9sastreux \u00e0 venir. On imagine presque le \u00ab\u00a0beep beep\u00a0\u00bb r\u00e9sonner hors champ, juste avant que la gravit\u00e9 ou une explosion ne vienne mettre un terme aux ambitions chasseresses du Coyote.<\/p>\n<p>Malgr\u00e9 cette image avec une forte impression de d\u00e9j\u00e0-vu, le r\u00e9alisateur Dave Green a expliqu\u00e9 vouloir renverser l\u2019image traditionnelle du personnage.<\/p>\n<blockquote class=\"wp-block-quote is-layout-flow wp-block-quote-is-layout-flow\">\n<p><strong>\u00ab Quand on le regardait en grandissant, il avait quelque chose d\u2019assez\u2026 m\u00e9chant. On veut exploser ce mythe, plonger dans son \u00e2me et montrer ce qui le fait vraiment vibrer. [\u2026] Wile E. est diffam\u00e9 depuis 80 ans. Il a \u00e9t\u00e9 souffl\u00e9, \u00e9cras\u00e9 par des enclumes, maltrait\u00e9 de toutes les mani\u00e8res possibles par la soci\u00e9t\u00e9 ACME. Et plus on se penche sur cette histoire, plus on rit\u2026 et plus on r\u00e9alise que Wile E. a un dossier sacr\u00e9ment solide. \u00bb<\/strong><\/p>\n<\/blockquote>\n<p><a href=\"https:\/\/www.ecranlarge.com\/content\/uploads\/2025\/11\/jbjbb_jpg.jpg\" rel=\"nofollow noopener\" target=\"_blank\"><\/p>\n<p><img loading=\"lazy\" decoding=\"async\" alt=\"\" src=\"https:\/\/www.europesays.com\/fr\/wp-content\/uploads\/2025\/11\/jbjbb_jpg-1260x709.jpg\" width=\"1260\" height=\"709\"  \/><\/p>\n<p><\/a>Ally Mc Bile<\/p>\n<p>Le chemin vers les salles n\u2019a pas \u00e9t\u00e9 simple pour <strong>Coyote vs Acme<\/strong>, un comble pour un film inspir\u00e9 par le roi des \u00e9checs r\u00e9p\u00e9t\u00e9s. Selon Dave Green,<strong> faire un film est digne du supplice de Sisyphe<\/strong>, et pouvoir \u00eatre s\u00fbr que son long-m\u00e9trage sortira au cin\u00e9ma est un quasi-miracle.<\/p>\n<blockquote class=\"wp-block-quote is-layout-flow wp-block-quote-is-layout-flow\">\n<p><strong>\u00ab Faire un film, c\u2019est comme pousser un rocher en haut d\u2019une colline. C\u2019est ce que Wile E. fait tous les jours. Le fait d\u2019\u00eatre ici \u00e0 vous en parler aujourd\u2019hui me para\u00eet totalement irr\u00e9el, \u00e0 ce stade. \u00bb<\/strong><\/p>\n<\/blockquote>\n<p>Le film met en vedette Will Forte dans le r\u00f4le de Kevin Avery, l\u2019avocat du fameux Wile E. Coyote, John Cena en tant que Buddy Crane, l\u2019avocat de la soci\u00e9t\u00e9 ACME Corporation, ainsi que Lana Condor, P. J. Byrne et Tone Bell dans des r\u00f4les secondaires.<strong> Coyote vs Acme a d\u00e9sormais sa date de sortie, fix\u00e9e au 26 ao\u00fbt 2026 en France.<\/strong><\/p>\n","protected":false},"excerpt":{"rendered":"Apr\u00e8s avoir fr\u00f4l\u00e9 la destruction pure et simple, Coyote vs Acme refait surface avec une image in\u00e9dite, preuve&hellip;\n","protected":false},"author":2,"featured_media":547883,"comment_status":"","ping_status":"","sticky":false,"template":"","format":"standard","meta":{"footnotes":""},"categories":[1354],"tags":[58,59,1346,1011,27,1360],"class_list":{"0":"post-547882","1":"post","2":"type-post","3":"status-publish","4":"format-standard","5":"has-post-thumbnail","7":"category-films","8":"tag-divertissement","9":"tag-entertainment","10":"tag-films","11":"tag-fr","12":"tag-france","13":"tag-movies"},"share_on_mastodon":{"url":"https:\/\/pubeurope.com\/@fr\/115584590098475487","error":""},"_links":{"self":[{"href":"https:\/\/www.europesays.com\/fr\/wp-json\/wp\/v2\/posts\/547882","targetHints":{"allow":["GET"]}}],"collection":[{"href":"https:\/\/www.europesays.com\/fr\/wp-json\/wp\/v2\/posts"}],"about":[{"href":"https:\/\/www.europesays.com\/fr\/wp-json\/wp\/v2\/types\/post"}],"author":[{"embeddable":true,"href":"https:\/\/www.europesays.com\/fr\/wp-json\/wp\/v2\/users\/2"}],"replies":[{"embeddable":true,"href":"https:\/\/www.europesays.com\/fr\/wp-json\/wp\/v2\/comments?post=547882"}],"version-history":[{"count":0,"href":"https:\/\/www.europesays.com\/fr\/wp-json\/wp\/v2\/posts\/547882\/revisions"}],"wp:featuredmedia":[{"embeddable":true,"href":"https:\/\/www.europesays.com\/fr\/wp-json\/wp\/v2\/media\/547883"}],"wp:attachment":[{"href":"https:\/\/www.europesays.com\/fr\/wp-json\/wp\/v2\/media?parent=547882"}],"wp:term":[{"taxonomy":"category","embeddable":true,"href":"https:\/\/www.europesays.com\/fr\/wp-json\/wp\/v2\/categories?post=547882"},{"taxonomy":"post_tag","embeddable":true,"href":"https:\/\/www.europesays.com\/fr\/wp-json\/wp\/v2\/tags?post=547882"}],"curies":[{"name":"wp","href":"https:\/\/api.w.org\/{rel}","templated":true}]}}