{"id":547890,"date":"2025-11-20T23:23:21","date_gmt":"2025-11-20T23:23:21","guid":{"rendered":"https:\/\/www.europesays.com\/fr\/547890\/"},"modified":"2025-11-20T23:23:21","modified_gmt":"2025-11-20T23:23:21","slug":"un-nez-piege-dans-la-roche-depuis-150-000-ans-revele-que-nous-nous-sommes-trompes-sur-toute-la-ligne","status":"publish","type":"post","link":"https:\/\/www.europesays.com\/fr\/547890\/","title":{"rendered":"Un nez pi\u00e9g\u00e9 dans la roche depuis 150 000 ans r\u00e9v\u00e8le que nous nous sommes tromp\u00e9s sur toute la ligne"},"content":{"rendered":"<p class=\"font-claude-response-body whitespace-normal break-words\"><strong>Pendant des d\u00e9cennies, les pal\u00e9oanthropologues ont \u00e9chafaud\u00e9 des th\u00e9ories sur l\u2019anatomie nasale de nos <a href=\"https:\/\/sciencepost.fr\/un-foyer-neandertalien-a-deux-canaux-les-archeologues-viennent-de-comprendre-a-quoi-il-servait-et-cest-fascinant\/\" target=\"_blank\" rel=\"noopener\">cousins disparus<\/a>. Ils pensaient avoir compris comment ces humains archa\u00efques s\u2019\u00e9taient adapt\u00e9s aux rigueurs des climats glaciaires. Ils avaient tort. Une cavit\u00e9 nasale miraculeusement pr\u00e9serv\u00e9e dans une grotte italienne vient de bouleverser toutes nos certitudes et r\u00e9v\u00e8le que les N\u00e9andertaliens fonctionnaient selon un mod\u00e8le compl\u00e8tement diff\u00e9rent du n\u00f4tre.<\/strong><\/p>\n<p>Une fen\u00eatre exceptionnelle sur le pass\u00e9<\/p>\n<p class=\"font-claude-response-body whitespace-normal break-words\">L\u2019Homme d\u2019Altamura dort depuis plus de 130 000 ans dans les profondeurs du syst\u00e8me karstique de Lamalunga, au sud de l\u2019Italie. Prisonnier de la roche, son squelette est recouvert de concr\u00e9tions calcaires aux formes \u00e9tranges, semblables \u00e0 du popcorn. Impossible de l\u2019extraire sans le d\u00e9truire. Pourtant, c\u2019est pr\u00e9cis\u00e9ment cet emprisonnement qui a permis la conservation extraordinaire de structures osseuses habituellement trop fragiles pour traverser les mill\u00e9naires.<\/p>\n<p class=\"font-claude-response-body whitespace-normal break-words\">Lorsque Costantino Buzi a p\u00e9n\u00e9tr\u00e9 pour la premi\u00e8re fois dans cette grotte, il a imm\u00e9diatement r\u00e9alis\u00e9 qu\u2019il se trouvait face \u00e0 quelque chose d\u2019unique. La cavit\u00e9 nasale du sp\u00e9cimen \u00e9tait intacte, une d\u00e9couverte rarissime qui allait enfin permettre d\u2019observer ce que personne n\u2019avait jamais pu voir : l\u2019int\u00e9rieur du nez d\u2019un N\u00e9andertalien.<\/p>\n<p class=\"font-claude-response-body whitespace-normal break-words\">Gr\u00e2ce \u00e0 une technologie endoscopique de pointe, l\u2019\u00e9quipe a r\u00e9ussi \u00e0 reconstruire num\u00e9riquement cette anatomie directement sur place, sans perturber les restes. Ce qui est apparu sur leurs \u00e9crans a imm\u00e9diatement remis en question des hypoth\u00e8ses vieilles de plusieurs d\u00e9cennies.<\/p>\n<p>Des th\u00e9ories qui s\u2019effondrent<\/p>\n<p class=\"font-claude-response-body whitespace-normal break-words\">Jusqu\u2019\u00e0 pr\u00e9sent, les scientifiques avaient imagin\u00e9 l\u2019existence de caract\u00e9ristiques anatomiques sp\u00e9cifiques chez les N\u00e9andertaliens. Ces autapomorphies pr\u00e9sum\u00e9es incluaient notamment un renflement particulier de la paroi nasale et l\u2019absence de paroi ossifi\u00e9e au-dessus du sillon lacrymal. Ces adaptations auraient th\u00e9oriquement permis \u00e0 nos cousins de mieux r\u00e9sister aux temp\u00e9ratures glaciales de l\u2019Europe pr\u00e9historique.<\/p>\n<p class=\"font-claude-response-body whitespace-normal break-words\">La r\u00e9alit\u00e9 s\u2019av\u00e8re bien diff\u00e9rente. Les observations de Buzi et son \u00e9quipe sont sans appel : ces structures n\u2019existent tout simplement pas. La cavit\u00e9 nasale de l\u2019Homme d\u2019Altamura ressemble \u00e9tonnamment \u00e0 celle des humains modernes, sans aucune modification particuli\u00e8re visible. Ces traits hypoth\u00e9tiques peuvent d\u00e9sormais \u00eatre d\u00e9finitivement ray\u00e9s de la liste des caract\u00e9ristiques diagnostiques des N\u00e9andertaliens.<\/p>\n<p><img loading=\"lazy\" data-lazyloaded=\"1\" decoding=\"async\" class=\"size-full wp-image-319943\" src=\"https:\/\/www.europesays.com\/fr\/wp-content\/uploads\/2025\/11\/altamura-man-l.webp.webp\" alt=\"nez n\u00e9andertal n\u00e9andertaliens\" width=\"1200\" height=\"675\"  data-\/>Cr\u00e9dit : Projet KARST PRINL\u2019homme d\u2019Altamura est c\u00e9l\u00e8bre pour \u00eatre recouvert de concr\u00e9tions ressemblant \u00e0 du \u00ab popcorn \u00bb.Le paradoxe r\u00e9solu<\/p>\n<p class=\"font-claude-response-body whitespace-normal break-words\">Cette d\u00e9couverte \u00e9claire \u00e9galement d\u2019un jour nouveau l\u2019un des myst\u00e8res les plus intrigants de la morphologie n\u00e9andertalienne. Ces humains archa\u00efques pr\u00e9sentaient en effet une contradiction apparente : leur silhouette trapue et massive \u00e9voquait une adaptation \u00e9vidente au froid, similaire \u00e0 celle des populations humaines modernes vivant en haute latitude. Pourtant, leur grande ouverture nasale sugg\u00e9rait plut\u00f4t une origine tropicale, comme si leur nez avait \u00e9t\u00e9 con\u00e7u pour des environnements chauds et humides.<\/p>\n<p class=\"font-claude-response-body whitespace-normal break-words\">Comment expliquer ce paradoxe d\u00e9concertant ? La r\u00e9ponse se trouve pr\u00e9cis\u00e9ment dans cette cavit\u00e9 nasale enfin visible. Selon Buzi, la structure interne observ\u00e9e est parfaitement coh\u00e9rente avec ce que l\u2019on attend d\u2019un visage massif devant fonctionner dans un climat rigoureux. Les N\u00e9andertaliens poss\u00e9daient bel et bien un syst\u00e8me adapt\u00e9 au froid, mais celui-ci suivait une logique diff\u00e9rente de la n\u00f4tre.<\/p>\n<p><img loading=\"lazy\" data-lazyloaded=\"1\" decoding=\"async\" class=\"size-full wp-image-319942\" src=\"https:\/\/www.europesays.com\/fr\/wp-content\/uploads\/2025\/11\/neanderthal-nasal-cavity-l.webp.webp\" alt=\"nez n\u00e9andertal n\u00e9andertaliens\" width=\"1200\" height=\"1024\"  data-\/>Cr\u00e9dit : Costantino BuziReconstruction num\u00e9rique de la cavit\u00e9 nasale de l\u2019homme d\u2019Altamura.Une \u00e9volution parall\u00e8le fascinante<\/p>\n<p class=\"font-claude-response-body whitespace-normal break-words\">Cette \u00e9tude, publi\u00e9e dans les prestigieux <a href=\"https:\/\/www.pnas.org\/cgi\/doi\/10.1073\/pnas.2426309122\" target=\"_blank\" rel=\"noopener noreferrer\">Actes de l\u2019Acad\u00e9mie nationale des sciences<\/a>, r\u00e9v\u00e8le une v\u00e9rit\u00e9 fondamentale : l\u2019\u00e9volution ne suit pas un chemin unique. Face aux m\u00eames contraintes environnementales, les N\u00e9andertaliens ont d\u00e9velopp\u00e9 leur propre solution pour conditionner l\u2019air froid avant qu\u2019il n\u2019atteigne leurs poumons. Leur architecture faciale repr\u00e9sente une r\u00e9ponse \u00e9volutive alternative, tout aussi efficace que la n\u00f4tre mais construite selon des principes distincts.<\/p>\n<p class=\"font-claude-response-body whitespace-normal break-words\">Cette d\u00e9couverte nous rappelle l\u2019importance de ne jamais pr\u00e9sumer de l\u2019anatomie des esp\u00e8ces disparues. Elle souligne \u00e9galement la valeur inestimable des fossiles exceptionnellement bien conserv\u00e9s, v\u00e9ritables capsules temporelles qui nous permettent de corriger nos erreurs et d\u2019affiner notre compr\u00e9hension du pass\u00e9. L\u2019Homme d\u2019Altamura, ce prisonnier de calcite, nous offre bien plus qu\u2019un aper\u00e7u de l\u2019anatomie n\u00e9andertalienne : il nous enseigne l\u2019humilit\u00e9 scientifique.<\/p>\n","protected":false},"excerpt":{"rendered":"Pendant des d\u00e9cennies, les pal\u00e9oanthropologues ont \u00e9chafaud\u00e9 des th\u00e9ories sur l\u2019anatomie nasale de nos cousins disparus. Ils pensaient&hellip;\n","protected":false},"author":2,"featured_media":547891,"comment_status":"","ping_status":"","sticky":false,"template":"","format":"standard","meta":{"footnotes":""},"categories":[7],"tags":[1011,27,43,40,41,39,42,44],"class_list":{"0":"post-547890","1":"post","2":"type-post","3":"status-publish","4":"format-standard","5":"has-post-thumbnail","7":"category-sciences-et-technologies","8":"tag-fr","9":"tag-france","10":"tag-science","11":"tag-science-and-technology","12":"tag-sciences","13":"tag-sciences-et-technologies","14":"tag-technologies","15":"tag-technology"},"share_on_mastodon":{"url":"https:\/\/pubeurope.com\/@fr\/115584605986611791","error":""},"_links":{"self":[{"href":"https:\/\/www.europesays.com\/fr\/wp-json\/wp\/v2\/posts\/547890","targetHints":{"allow":["GET"]}}],"collection":[{"href":"https:\/\/www.europesays.com\/fr\/wp-json\/wp\/v2\/posts"}],"about":[{"href":"https:\/\/www.europesays.com\/fr\/wp-json\/wp\/v2\/types\/post"}],"author":[{"embeddable":true,"href":"https:\/\/www.europesays.com\/fr\/wp-json\/wp\/v2\/users\/2"}],"replies":[{"embeddable":true,"href":"https:\/\/www.europesays.com\/fr\/wp-json\/wp\/v2\/comments?post=547890"}],"version-history":[{"count":0,"href":"https:\/\/www.europesays.com\/fr\/wp-json\/wp\/v2\/posts\/547890\/revisions"}],"wp:featuredmedia":[{"embeddable":true,"href":"https:\/\/www.europesays.com\/fr\/wp-json\/wp\/v2\/media\/547891"}],"wp:attachment":[{"href":"https:\/\/www.europesays.com\/fr\/wp-json\/wp\/v2\/media?parent=547890"}],"wp:term":[{"taxonomy":"category","embeddable":true,"href":"https:\/\/www.europesays.com\/fr\/wp-json\/wp\/v2\/categories?post=547890"},{"taxonomy":"post_tag","embeddable":true,"href":"https:\/\/www.europesays.com\/fr\/wp-json\/wp\/v2\/tags?post=547890"}],"curies":[{"name":"wp","href":"https:\/\/api.w.org\/{rel}","templated":true}]}}